{"id":9883,"date":"2022-02-24T14:21:59","date_gmt":"2022-02-24T13:21:59","guid":{"rendered":"http:\/\/www.ecole-saintemarie.com\/?p=9883"},"modified":"2022-02-24T14:21:59","modified_gmt":"2022-02-24T13:21:59","slug":"les-delegues-de-lecole","status":"publish","type":"post","link":"http:\/\/www.ecole-saintemarie.com\/?p=9883","title":{"rendered":"les d\u00e9l\u00e9gu\u00e9s de l&rsquo;\u00e9cole"},"content":{"rendered":"<p>jeudi 25 f\u00e9vrier 2022, 1<sup>\u00e8re<\/sup> rencontre des d\u00e9l\u00e9gu\u00e9s avec Azizah<\/p>\n<p><a href=\"http:\/\/www.ecole-saintemarie.com\/wp-content\/uploads\/2022\/02\/delegues-scaled.jpg\"><img loading=\"lazy\" class=\"alignnone size-medium wp-image-9884\" src=\"http:\/\/www.ecole-saintemarie.com\/wp-content\/uploads\/2022\/02\/delegues-300x225.jpg\" alt=\"\" width=\"300\" height=\"225\" srcset=\"http:\/\/www.ecole-saintemarie.com\/wp-content\/uploads\/2022\/02\/delegues-300x225.jpg 300w, http:\/\/www.ecole-saintemarie.com\/wp-content\/uploads\/2022\/02\/delegues-1024x768.jpg 1024w, http:\/\/www.ecole-saintemarie.com\/wp-content\/uploads\/2022\/02\/delegues-768x576.jpg 768w, http:\/\/www.ecole-saintemarie.com\/wp-content\/uploads\/2022\/02\/delegues-1536x1152.jpg 1536w, http:\/\/www.ecole-saintemarie.com\/wp-content\/uploads\/2022\/02\/delegues-2048x1536.jpg 2048w\" sizes=\"(max-width: 300px) 100vw, 300px\" \/><\/a><\/p>\n<p>Paul (CP), Ninon (CP), Victoire (CE1), Nina (CE2), Alexandre (CE2), P\u00e9n\u00e9lope (CM1), Sacha (CM2), Carla-Louise (CM2) ont \u00e9t\u00e9 \u00e9lus par \u00e9l\u00e8ves de leurs classes (en primaire)<\/p>\n<p>Nous pr\u00e9voyons nous retrouver la semaine prochaine pour travailler avec les id\u00e9es de chaque classe, voici les id\u00e9es que nous aimerions travailler :<\/p>\n<ul>\n<li>rendre l\u2019\u00e9cole plus belle<\/li>\n<li>am\u00e9liorer les r\u00e9cr\u00e9ations (id\u00e9es pour mieux vivre ensemble + id\u00e9es de jeux)<\/li>\n<li>am\u00e9liorer le temps du midi \u00e0 la cantine<\/li>\n<li>am\u00e9liorer le temps de la garderie et de l\u2019\u00e9tude<\/li>\n<\/ul>\n<p>Les d\u00e9l\u00e9gu\u00e9s noteront les id\u00e9es de leurs camarades pour les transmettre \u00e0 la prochaine r\u00e9union.<\/p>\n<p>Rdv des d\u00e9l\u00e9gu\u00e9s \u00e0 13h30 dans la cantine le jeudi 3 mars\u00a0!<\/p>\n<p>&nbsp;<\/p>\n","protected":false},"excerpt":{"rendered":"<p>jeudi 25 f\u00e9vrier 2022, 1\u00e8re rencontre des d\u00e9l\u00e9gu\u00e9s avec Azizah Paul (CP), Ninon (CP), Victoire (CE1), Nina (CE2), Alexandre (CE2), P\u00e9n\u00e9lope (CM1), Sacha (CM2), Carla-Louise (CM2) ont \u00e9t\u00e9 \u00e9lus par \u00e9l\u00e8ves de leurs classes (en primaire) Nous pr\u00e9voyons nous retrouver la semaine prochaine pour travailler avec les id\u00e9es de chaque classe, voici les id\u00e9es que &hellip; <\/p>\n<p><a class=\"more-link btn\" href=\"http:\/\/www.ecole-saintemarie.com\/?p=9883\">Lire la suite<\/a><\/p>\n","protected":false},"author":2,"featured_media":9884,"comment_status":"closed","ping_status":"closed","sticky":false,"template":"","format":"standard","meta":[],"categories":[33,29,31,1],"tags":[],"_links":{"self":[{"href":"http:\/\/www.ecole-saintemarie.com\/index.php?rest_route=\/wp\/v2\/posts\/9883"}],"collection":[{"href":"http:\/\/www.ecole-saintemarie.com\/index.php?rest_route=\/wp\/v2\/posts"}],"about":[{"href":"http:\/\/www.ecole-saintemarie.com\/index.php?rest_route=\/wp\/v2\/types\/post"}],"author":[{"embeddable":true,"href":"http:\/\/www.ecole-saintemarie.com\/index.php?rest_route=\/wp\/v2\/users\/2"}],"replies":[{"embeddable":true,"href":"http:\/\/www.ecole-saintemarie.com\/index.php?rest_route=%2Fwp%2Fv2%2Fcomments&post=9883"}],"version-history":[{"count":1,"href":"http:\/\/www.ecole-saintemarie.com\/index.php?rest_route=\/wp\/v2\/posts\/9883\/revisions"}],"predecessor-version":[{"id":9885,"href":"http:\/\/www.ecole-saintemarie.com\/index.php?rest_route=\/wp\/v2\/posts\/9883\/revisions\/9885"}],"wp:featuredmedia":[{"embeddable":true,"href":"http:\/\/www.ecole-saintemarie.com\/index.php?rest_route=\/wp\/v2\/media\/9884"}],"wp:attachment":[{"href":"http:\/\/www.ecole-saintemarie.com\/index.php?rest_route=%2Fwp%2Fv2%2Fmedia&parent=9883"}],"wp:term":[{"taxonomy":"category","embeddable":true,"href":"http:\/\/www.ecole-saintemarie.com\/index.php?rest_route=%2Fwp%2Fv2%2Fcategories&post=9883"},{"taxonomy":"post_tag","embeddable":true,"href":"http:\/\/www.ecole-saintemarie.com\/index.php?rest_route=%2Fwp%2Fv2%2Ftags&post=9883"}],"curies":[{"name":"wp","href":"https:\/\/api.w.org\/{rel}","templated":true}]}}