{"id":9816,"date":"2021-11-02T19:08:50","date_gmt":"2021-11-02T18:08:50","guid":{"rendered":"http:\/\/www.ecole-saintemarie.com\/?p=9816"},"modified":"2021-11-02T19:08:50","modified_gmt":"2021-11-02T18:08:50","slug":"eveil-a-la-foi","status":"publish","type":"post","link":"http:\/\/www.ecole-saintemarie.com\/?p=9816","title":{"rendered":"\u00e9veil \u00e0 la foi"},"content":{"rendered":"<p>Premi\u00e8re rencontre \u00e9veil \u00e0 la foi apr\u00e8s l\u2019\u00e9cole le vendredi 1<sup>er<\/sup> octobre avec Blandine, notre animatrice pastorale, et un petit groupe d\u2019enfants dont les parents en ont fait la demande.<\/p>\n<p>Un vendredi par mois, pour les maternelles et les CP, de 16h40 \u00e0 17h10<\/p>\n<p><a href=\"http:\/\/www.ecole-saintemarie.com\/wp-content\/uploads\/2021\/11\/eveil-a-la-foi-3.jpg\"><img loading=\"lazy\" class=\"alignnone size-medium wp-image-9795\" src=\"http:\/\/www.ecole-saintemarie.com\/wp-content\/uploads\/2021\/11\/eveil-a-la-foi-3-225x300.jpg\" alt=\"\" width=\"225\" height=\"300\" srcset=\"http:\/\/www.ecole-saintemarie.com\/wp-content\/uploads\/2021\/11\/eveil-a-la-foi-3-225x300.jpg 225w, http:\/\/www.ecole-saintemarie.com\/wp-content\/uploads\/2021\/11\/eveil-a-la-foi-3.jpg 768w\" sizes=\"(max-width: 225px) 100vw, 225px\" \/><\/a> <a href=\"http:\/\/www.ecole-saintemarie.com\/wp-content\/uploads\/2021\/11\/eveil-a-la-foi-2-scaled.jpg\"><img loading=\"lazy\" class=\"alignnone size-medium wp-image-9794\" src=\"http:\/\/www.ecole-saintemarie.com\/wp-content\/uploads\/2021\/11\/eveil-a-la-foi-2-300x225.jpg\" alt=\"\" width=\"300\" height=\"225\" srcset=\"http:\/\/www.ecole-saintemarie.com\/wp-content\/uploads\/2021\/11\/eveil-a-la-foi-2-300x225.jpg 300w, http:\/\/www.ecole-saintemarie.com\/wp-content\/uploads\/2021\/11\/eveil-a-la-foi-2-1024x768.jpg 1024w, http:\/\/www.ecole-saintemarie.com\/wp-content\/uploads\/2021\/11\/eveil-a-la-foi-2-768x576.jpg 768w, http:\/\/www.ecole-saintemarie.com\/wp-content\/uploads\/2021\/11\/eveil-a-la-foi-2-1536x1152.jpg 1536w, http:\/\/www.ecole-saintemarie.com\/wp-content\/uploads\/2021\/11\/eveil-a-la-foi-2-2048x1536.jpg 2048w\" sizes=\"(max-width: 300px) 100vw, 300px\" \/><\/a> <a href=\"http:\/\/www.ecole-saintemarie.com\/wp-content\/uploads\/2021\/11\/eveil-a-la-foi-1-scaled.jpg\"><img loading=\"lazy\" class=\"alignnone size-medium wp-image-9793\" src=\"http:\/\/www.ecole-saintemarie.com\/wp-content\/uploads\/2021\/11\/eveil-a-la-foi-1-300x225.jpg\" alt=\"\" width=\"300\" height=\"225\" srcset=\"http:\/\/www.ecole-saintemarie.com\/wp-content\/uploads\/2021\/11\/eveil-a-la-foi-1-300x225.jpg 300w, http:\/\/www.ecole-saintemarie.com\/wp-content\/uploads\/2021\/11\/eveil-a-la-foi-1-1024x768.jpg 1024w, http:\/\/www.ecole-saintemarie.com\/wp-content\/uploads\/2021\/11\/eveil-a-la-foi-1-768x576.jpg 768w, http:\/\/www.ecole-saintemarie.com\/wp-content\/uploads\/2021\/11\/eveil-a-la-foi-1-1536x1152.jpg 1536w, http:\/\/www.ecole-saintemarie.com\/wp-content\/uploads\/2021\/11\/eveil-a-la-foi-1-2048x1536.jpg 2048w\" sizes=\"(max-width: 300px) 100vw, 300px\" \/><\/a><br \/>\nProchaines rencontres\u00a0: 12\/11, 3\/12, 7\/01, 4\/02 (sous r\u00e9serve), 4\/03, 1\/04, 6\/05, 3\/06<\/p>\n","protected":false},"excerpt":{"rendered":"<p>Premi\u00e8re rencontre \u00e9veil \u00e0 la foi apr\u00e8s l\u2019\u00e9cole le vendredi 1er octobre avec Blandine, notre animatrice pastorale, et un petit groupe d\u2019enfants dont les parents en ont fait la demande. Un vendredi par mois, pour les maternelles et les CP, de 16h40 \u00e0 17h10 Prochaines rencontres\u00a0: 12\/11, 3\/12, 7\/01, 4\/02 (sous r\u00e9serve), 4\/03, 1\/04, 6\/05, &hellip; <\/p>\n<p><a class=\"more-link btn\" href=\"http:\/\/www.ecole-saintemarie.com\/?p=9816\">Lire la suite<\/a><\/p>\n","protected":false},"author":2,"featured_media":9793,"comment_status":"closed","ping_status":"closed","sticky":false,"template":"","format":"standard","meta":[],"categories":[31,1,32,34],"tags":[],"_links":{"self":[{"href":"http:\/\/www.ecole-saintemarie.com\/index.php?rest_route=\/wp\/v2\/posts\/9816"}],"collection":[{"href":"http:\/\/www.ecole-saintemarie.com\/index.php?rest_route=\/wp\/v2\/posts"}],"about":[{"href":"http:\/\/www.ecole-saintemarie.com\/index.php?rest_route=\/wp\/v2\/types\/post"}],"author":[{"embeddable":true,"href":"http:\/\/www.ecole-saintemarie.com\/index.php?rest_route=\/wp\/v2\/users\/2"}],"replies":[{"embeddable":true,"href":"http:\/\/www.ecole-saintemarie.com\/index.php?rest_route=%2Fwp%2Fv2%2Fcomments&post=9816"}],"version-history":[{"count":1,"href":"http:\/\/www.ecole-saintemarie.com\/index.php?rest_route=\/wp\/v2\/posts\/9816\/revisions"}],"predecessor-version":[{"id":9817,"href":"http:\/\/www.ecole-saintemarie.com\/index.php?rest_route=\/wp\/v2\/posts\/9816\/revisions\/9817"}],"wp:featuredmedia":[{"embeddable":true,"href":"http:\/\/www.ecole-saintemarie.com\/index.php?rest_route=\/wp\/v2\/media\/9793"}],"wp:attachment":[{"href":"http:\/\/www.ecole-saintemarie.com\/index.php?rest_route=%2Fwp%2Fv2%2Fmedia&parent=9816"}],"wp:term":[{"taxonomy":"category","embeddable":true,"href":"http:\/\/www.ecole-saintemarie.com\/index.php?rest_route=%2Fwp%2Fv2%2Fcategories&post=9816"},{"taxonomy":"post_tag","embeddable":true,"href":"http:\/\/www.ecole-saintemarie.com\/index.php?rest_route=%2Fwp%2Fv2%2Ftags&post=9816"}],"curies":[{"name":"wp","href":"https:\/\/api.w.org\/{rel}","templated":true}]}}