{"id":9237,"date":"2020-12-11T16:43:55","date_gmt":"2020-12-11T15:43:55","guid":{"rendered":"http:\/\/www.ecole-saintemarie.com\/?p=9237"},"modified":"2020-12-10T16:44:42","modified_gmt":"2020-12-10T15:44:42","slug":"cest-bientot-noel","status":"publish","type":"post","link":"http:\/\/www.ecole-saintemarie.com\/?p=9237","title":{"rendered":"C\u2019est bient\u00f4t No\u00ebl !"},"content":{"rendered":"<p>C\u2019est bient\u00f4t No\u00ebl !<br \/>\nA l\u2019\u00e9cole aussi nous pr\u00e9parons cette grande f\u00eate&#8230;<\/p>\n<p>Lisa nous a pr\u00e9sent\u00e9 une tradition de Provence : le bl\u00e9 de la Sainte Barbe. Sem\u00e9 le 4 d\u00e9cembre, on l\u2019arrose pour qu\u2019il pousse jusqu\u2019\u00e0 No\u00ebl. Le bl\u00e9 germ\u00e9 pr\u00e9dit la prosp\u00e9rit\u00e9 de l\u2019ann\u00e9e \u00e0 venir et il d\u00e9core la table de f\u00eate de No\u00ebl. Le bl\u00e9 et les lentilles ont d\u00e9j\u00e0 commenc\u00e9 \u00e0 germer !<\/p>\n<p><a href=\"http:\/\/www.ecole-saintemarie.com\/wp-content\/uploads\/2020\/12\/sainte-barbe-2-scaled.jpg\"><img loading=\"lazy\" class=\"alignnone size-medium wp-image-9235\" src=\"http:\/\/www.ecole-saintemarie.com\/wp-content\/uploads\/2020\/12\/sainte-barbe-2-300x225.jpg\" alt=\"\" width=\"300\" height=\"225\" srcset=\"http:\/\/www.ecole-saintemarie.com\/wp-content\/uploads\/2020\/12\/sainte-barbe-2-300x225.jpg 300w, http:\/\/www.ecole-saintemarie.com\/wp-content\/uploads\/2020\/12\/sainte-barbe-2-1024x768.jpg 1024w, http:\/\/www.ecole-saintemarie.com\/wp-content\/uploads\/2020\/12\/sainte-barbe-2-768x576.jpg 768w, http:\/\/www.ecole-saintemarie.com\/wp-content\/uploads\/2020\/12\/sainte-barbe-2-1536x1152.jpg 1536w, http:\/\/www.ecole-saintemarie.com\/wp-content\/uploads\/2020\/12\/sainte-barbe-2-2048x1536.jpg 2048w\" sizes=\"(max-width: 300px) 100vw, 300px\" \/><\/a><a href=\"http:\/\/www.ecole-saintemarie.com\/wp-content\/uploads\/2020\/12\/sainte-barbe-1-scaled-e1607615027761.jpg\"><img loading=\"lazy\" class=\"alignnone size-medium wp-image-9234\" src=\"http:\/\/www.ecole-saintemarie.com\/wp-content\/uploads\/2020\/12\/sainte-barbe-1-scaled-e1607615027761-225x300.jpg\" alt=\"\" width=\"225\" height=\"300\" srcset=\"http:\/\/www.ecole-saintemarie.com\/wp-content\/uploads\/2020\/12\/sainte-barbe-1-scaled-e1607615027761-225x300.jpg 225w, http:\/\/www.ecole-saintemarie.com\/wp-content\/uploads\/2020\/12\/sainte-barbe-1-scaled-e1607615027761-768x1024.jpg 768w, http:\/\/www.ecole-saintemarie.com\/wp-content\/uploads\/2020\/12\/sainte-barbe-1-scaled-e1607615027761-1152x1536.jpg 1152w, http:\/\/www.ecole-saintemarie.com\/wp-content\/uploads\/2020\/12\/sainte-barbe-1-scaled-e1607615027761-1536x2048.jpg 1536w, http:\/\/www.ecole-saintemarie.com\/wp-content\/uploads\/2020\/12\/sainte-barbe-1-scaled-e1607615027761.jpg 1920w\" sizes=\"(max-width: 225px) 100vw, 225px\" \/><\/a><\/p>\n<p>Dans la classe, le sapin est d\u00e9cor\u00e9, et la cr\u00e8che se met en place avec toutes nos petites frimousses autour de l\u2019\u00e9table : nous nous pr\u00e9parons pour la f\u00eate de la naissance de J\u00e9sus&#8230;<\/p>\n<p><a href=\"http:\/\/www.ecole-saintemarie.com\/wp-content\/uploads\/2020\/12\/creche-scaled.jpg\"><img loading=\"lazy\" class=\"alignnone size-medium wp-image-9233\" src=\"http:\/\/www.ecole-saintemarie.com\/wp-content\/uploads\/2020\/12\/creche-300x225.jpg\" alt=\"\" width=\"300\" height=\"225\" srcset=\"http:\/\/www.ecole-saintemarie.com\/wp-content\/uploads\/2020\/12\/creche-300x225.jpg 300w, http:\/\/www.ecole-saintemarie.com\/wp-content\/uploads\/2020\/12\/creche-1024x768.jpg 1024w, http:\/\/www.ecole-saintemarie.com\/wp-content\/uploads\/2020\/12\/creche-768x576.jpg 768w, http:\/\/www.ecole-saintemarie.com\/wp-content\/uploads\/2020\/12\/creche-1536x1152.jpg 1536w, http:\/\/www.ecole-saintemarie.com\/wp-content\/uploads\/2020\/12\/creche-2048x1536.jpg 2048w\" sizes=\"(max-width: 300px) 100vw, 300px\" \/><\/a><a href=\"http:\/\/www.ecole-saintemarie.com\/wp-content\/uploads\/2020\/12\/sapin-scaled-e1607615015256.jpg\"><img loading=\"lazy\" class=\"alignnone size-medium wp-image-9236\" src=\"http:\/\/www.ecole-saintemarie.com\/wp-content\/uploads\/2020\/12\/sapin-scaled-e1607615015256-225x300.jpg\" alt=\"\" width=\"225\" height=\"300\" srcset=\"http:\/\/www.ecole-saintemarie.com\/wp-content\/uploads\/2020\/12\/sapin-scaled-e1607615015256-225x300.jpg 225w, http:\/\/www.ecole-saintemarie.com\/wp-content\/uploads\/2020\/12\/sapin-scaled-e1607615015256-768x1024.jpg 768w, http:\/\/www.ecole-saintemarie.com\/wp-content\/uploads\/2020\/12\/sapin-scaled-e1607615015256-1152x1536.jpg 1152w, http:\/\/www.ecole-saintemarie.com\/wp-content\/uploads\/2020\/12\/sapin-scaled-e1607615015256-1536x2048.jpg 1536w, http:\/\/www.ecole-saintemarie.com\/wp-content\/uploads\/2020\/12\/sapin-scaled-e1607615015256.jpg 1920w\" sizes=\"(max-width: 225px) 100vw, 225px\" \/><\/a><br \/>\nLundi matin nous nous rendrons \u00e0 La Chapelle de Luc avec les enfants de la classe des moyens-grands. En raison des normes sanitaires nous ne pouvons pas inviter les familles \u00e0 nous rejoindre, nous vous raconterons tout cela la semaine prochaine !<\/p>\n","protected":false},"excerpt":{"rendered":"<p>C\u2019est bient\u00f4t No\u00ebl ! A l\u2019\u00e9cole aussi nous pr\u00e9parons cette grande f\u00eate&#8230; Lisa nous a pr\u00e9sent\u00e9 une tradition de Provence : le bl\u00e9 de la Sainte Barbe. Sem\u00e9 le 4 d\u00e9cembre, on l\u2019arrose pour qu\u2019il pousse jusqu\u2019\u00e0 No\u00ebl. Le bl\u00e9 germ\u00e9 pr\u00e9dit la prosp\u00e9rit\u00e9 de l\u2019ann\u00e9e \u00e0 venir et il d\u00e9core la table de f\u00eate &hellip; <\/p>\n<p><a class=\"more-link btn\" href=\"http:\/\/www.ecole-saintemarie.com\/?p=9237\">Lire la suite<\/a><\/p>\n","protected":false},"author":2,"featured_media":9233,"comment_status":"closed","ping_status":"closed","sticky":false,"template":"","format":"standard","meta":[],"categories":[1,34],"tags":[],"_links":{"self":[{"href":"http:\/\/www.ecole-saintemarie.com\/index.php?rest_route=\/wp\/v2\/posts\/9237"}],"collection":[{"href":"http:\/\/www.ecole-saintemarie.com\/index.php?rest_route=\/wp\/v2\/posts"}],"about":[{"href":"http:\/\/www.ecole-saintemarie.com\/index.php?rest_route=\/wp\/v2\/types\/post"}],"author":[{"embeddable":true,"href":"http:\/\/www.ecole-saintemarie.com\/index.php?rest_route=\/wp\/v2\/users\/2"}],"replies":[{"embeddable":true,"href":"http:\/\/www.ecole-saintemarie.com\/index.php?rest_route=%2Fwp%2Fv2%2Fcomments&post=9237"}],"version-history":[{"count":1,"href":"http:\/\/www.ecole-saintemarie.com\/index.php?rest_route=\/wp\/v2\/posts\/9237\/revisions"}],"predecessor-version":[{"id":9238,"href":"http:\/\/www.ecole-saintemarie.com\/index.php?rest_route=\/wp\/v2\/posts\/9237\/revisions\/9238"}],"wp:featuredmedia":[{"embeddable":true,"href":"http:\/\/www.ecole-saintemarie.com\/index.php?rest_route=\/wp\/v2\/media\/9233"}],"wp:attachment":[{"href":"http:\/\/www.ecole-saintemarie.com\/index.php?rest_route=%2Fwp%2Fv2%2Fmedia&parent=9237"}],"wp:term":[{"taxonomy":"category","embeddable":true,"href":"http:\/\/www.ecole-saintemarie.com\/index.php?rest_route=%2Fwp%2Fv2%2Fcategories&post=9237"},{"taxonomy":"post_tag","embeddable":true,"href":"http:\/\/www.ecole-saintemarie.com\/index.php?rest_route=%2Fwp%2Fv2%2Ftags&post=9237"}],"curies":[{"name":"wp","href":"https:\/\/api.w.org\/{rel}","templated":true}]}}