{"id":8513,"date":"2019-11-15T11:45:08","date_gmt":"2019-11-15T10:45:08","guid":{"rendered":"http:\/\/www.ecole-saintemarie.com\/?p=8513"},"modified":"2019-11-07T14:59:00","modified_gmt":"2019-11-07T13:59:00","slug":"une-abeille-en-classe-de-maternelle","status":"publish","type":"post","link":"http:\/\/www.ecole-saintemarie.com\/?p=8513","title":{"rendered":"Une abeille en classe de maternelle"},"content":{"rendered":"<p>&nbsp;<\/p>\n<p>Notre travail du mois de novembre tourne autour des abeilles\u2026<\/p>\n<p>&nbsp;<\/p>\n<p>&nbsp;<\/p>\n<p>&nbsp;<\/p>\n<p>Voici Groseille l\u2019Abeille, l\u2019amie de Barnab\u00e9 le jardinier\u00a0!<\/p>\n<p><a href=\"http:\/\/www.ecole-saintemarie.com\/wp-content\/uploads\/2019\/11\/groseille.jpg\"><img loading=\"lazy\" class=\"alignnone size-full wp-image-8511\" src=\"http:\/\/www.ecole-saintemarie.com\/wp-content\/uploads\/2019\/11\/groseille.jpg\" alt=\"\" width=\"300\" height=\"300\" srcset=\"http:\/\/www.ecole-saintemarie.com\/wp-content\/uploads\/2019\/11\/groseille.jpg 300w, http:\/\/www.ecole-saintemarie.com\/wp-content\/uploads\/2019\/11\/groseille-150x150.jpg 150w\" sizes=\"(max-width: 300px) 100vw, 300px\" \/><\/a><\/p>\n<p>&nbsp;<\/p>\n<p>&nbsp;<\/p>\n<p>&nbsp;<\/p>\n<p>Gr\u00e2ce \u00e0 elle nous d\u00e9couvrons l\u2019utilit\u00e9 de cette petite b\u00eate du jardin qui nous fait parfois un peu peur mais qui est tr\u00e8s utile pour les fleurs et la fabrication du miel\u00a0!<\/p>\n<p>&nbsp;<\/p>\n<p><a href=\"http:\/\/www.ecole-saintemarie.com\/wp-content\/uploads\/2019\/11\/abeille.jpg\"><img loading=\"lazy\" class=\"alignnone size-full wp-image-8510\" src=\"http:\/\/www.ecole-saintemarie.com\/wp-content\/uploads\/2019\/11\/abeille.jpg\" alt=\"\" width=\"227\" height=\"172\" \/><\/a><\/p>\n<p>&nbsp;<\/p>\n<p>Nous apprenons comment elle grandit, o\u00f9 elle vit, ce qu\u2019elle fait comme travail. C\u2019est un petit insecte tr\u00e8s travailleur\u00a0!<\/p>\n<p>&nbsp;<\/p>\n<p>&nbsp;<\/p>\n<p>&nbsp;<\/p>\n<p>En classe nous avons aussi d\u00e9couvert un magnifique livre qui s\u2019appelle \u00ab\u00a0le voleur de miel\u00a0\u00bb d\u2019Eric Carle. Il nous pla\u00eet beaucoup car les personnages bougent\u00a0!<\/p>\n<p><a href=\"http:\/\/www.ecole-saintemarie.com\/wp-content\/uploads\/2019\/11\/le-voleur-de-miel.jpg\"><img loading=\"lazy\" class=\"alignnone size-medium wp-image-8512\" src=\"http:\/\/www.ecole-saintemarie.com\/wp-content\/uploads\/2019\/11\/le-voleur-de-miel-300x300.jpg\" alt=\"\" width=\"300\" height=\"300\" srcset=\"http:\/\/www.ecole-saintemarie.com\/wp-content\/uploads\/2019\/11\/le-voleur-de-miel-300x300.jpg 300w, http:\/\/www.ecole-saintemarie.com\/wp-content\/uploads\/2019\/11\/le-voleur-de-miel-150x150.jpg 150w, http:\/\/www.ecole-saintemarie.com\/wp-content\/uploads\/2019\/11\/le-voleur-de-miel-768x768.jpg 768w, http:\/\/www.ecole-saintemarie.com\/wp-content\/uploads\/2019\/11\/le-voleur-de-miel.jpg 800w\" sizes=\"(max-width: 300px) 100vw, 300px\" \/><\/a><\/p>\n<p><span style=\"mso-fareast-language: FR; mso-no-proof: yes;\">\u00a0<\/span><\/p>\n<p>&nbsp;<\/p>\n<p>Notre travail va continuer en d\u00e9couvrant des documentaires, en go\u00fbtant diff\u00e9rents miels, en lisant d\u2019autres histoires, en observant une ruche, etc\u2026<\/p>\n<p><span style=\"mso-fareast-language: FR; mso-no-proof: yes;\">A bient\u00f4t pour de nouvelles aventures !\u00a0<\/span><\/p>\n<p>&nbsp;<\/p>\n<p>&nbsp;<\/p>\n<p>&nbsp;<\/p>\n<p>&nbsp;<\/p>\n","protected":false},"excerpt":{"rendered":"<p>&nbsp; Notre travail du mois de novembre tourne autour des abeilles\u2026 &nbsp; &nbsp; &nbsp; Voici Groseille l\u2019Abeille, l\u2019amie de Barnab\u00e9 le jardinier\u00a0! &nbsp; &nbsp; &nbsp; Gr\u00e2ce \u00e0 elle nous d\u00e9couvrons l\u2019utilit\u00e9 de cette petite b\u00eate du jardin qui nous fait parfois un peu peur mais qui est tr\u00e8s utile pour les fleurs et la fabrication &hellip; <\/p>\n<p><a class=\"more-link btn\" href=\"http:\/\/www.ecole-saintemarie.com\/?p=8513\">Lire la suite<\/a><\/p>\n","protected":false},"author":2,"featured_media":8510,"comment_status":"closed","ping_status":"closed","sticky":false,"template":"","format":"standard","meta":[],"categories":[1,34],"tags":[],"_links":{"self":[{"href":"http:\/\/www.ecole-saintemarie.com\/index.php?rest_route=\/wp\/v2\/posts\/8513"}],"collection":[{"href":"http:\/\/www.ecole-saintemarie.com\/index.php?rest_route=\/wp\/v2\/posts"}],"about":[{"href":"http:\/\/www.ecole-saintemarie.com\/index.php?rest_route=\/wp\/v2\/types\/post"}],"author":[{"embeddable":true,"href":"http:\/\/www.ecole-saintemarie.com\/index.php?rest_route=\/wp\/v2\/users\/2"}],"replies":[{"embeddable":true,"href":"http:\/\/www.ecole-saintemarie.com\/index.php?rest_route=%2Fwp%2Fv2%2Fcomments&post=8513"}],"version-history":[{"count":1,"href":"http:\/\/www.ecole-saintemarie.com\/index.php?rest_route=\/wp\/v2\/posts\/8513\/revisions"}],"predecessor-version":[{"id":8514,"href":"http:\/\/www.ecole-saintemarie.com\/index.php?rest_route=\/wp\/v2\/posts\/8513\/revisions\/8514"}],"wp:featuredmedia":[{"embeddable":true,"href":"http:\/\/www.ecole-saintemarie.com\/index.php?rest_route=\/wp\/v2\/media\/8510"}],"wp:attachment":[{"href":"http:\/\/www.ecole-saintemarie.com\/index.php?rest_route=%2Fwp%2Fv2%2Fmedia&parent=8513"}],"wp:term":[{"taxonomy":"category","embeddable":true,"href":"http:\/\/www.ecole-saintemarie.com\/index.php?rest_route=%2Fwp%2Fv2%2Fcategories&post=8513"},{"taxonomy":"post_tag","embeddable":true,"href":"http:\/\/www.ecole-saintemarie.com\/index.php?rest_route=%2Fwp%2Fv2%2Ftags&post=8513"}],"curies":[{"name":"wp","href":"https:\/\/api.w.org\/{rel}","templated":true}]}}