{"id":7370,"date":"2018-11-09T18:01:47","date_gmt":"2018-11-09T17:01:47","guid":{"rendered":"http:\/\/www.ecole-saintemarie.com\/?p=7370"},"modified":"2018-11-09T18:01:47","modified_gmt":"2018-11-09T17:01:47","slug":"2-cm1-au-cross-departemental","status":"publish","type":"post","link":"http:\/\/www.ecole-saintemarie.com\/?p=7370","title":{"rendered":"2 CM1 au cross d\u00e9partemental"},"content":{"rendered":"<p>Mercredi 7 novembre, a eu lieu le cross d\u00e9partemental de l&rsquo;UGSEL au Parc de Beauregard \u00e0 H\u00e9rouville.<br \/>\nR\u00e9serv\u00e9 aux \u00e9l\u00e8ves des \u00e9coles libres du Calvados du CM1 \u00e0 la troisi\u00e8me, ce sont des centaines d&rsquo;\u00e9l\u00e8ves qui se sont retrouv\u00e9s pour une \u00e9preuve d&rsquo;endurance.<br \/>\nGr\u00e9goire et Thibault, en CM1, ont particip\u00e9 avec 50 autres \u00e9l\u00e8ves de leur \u00e2ge pour une course de plus de 1400 m\u00e8tres.<br \/>\nUn bel effort et l&rsquo;envie de renouveler l&rsquo;exp\u00e9rience l&rsquo;ann\u00e9e prochaine\u2026<br \/>\nBRAVO LES GARCONS !!!<\/p>\n<p>&nbsp;<\/p>\n<p>avant la course :<\/p>\n<p><a href=\"http:\/\/www.ecole-saintemarie.com\/wp-content\/uploads\/2018\/11\/beauregard2-e1541782545984.jpg\"><img loading=\"lazy\" class=\"alignnone size-medium wp-image-7368\" src=\"http:\/\/www.ecole-saintemarie.com\/wp-content\/uploads\/2018\/11\/beauregard2-e1541782545984-224x300.jpg\" alt=\"\" width=\"224\" height=\"300\" srcset=\"http:\/\/www.ecole-saintemarie.com\/wp-content\/uploads\/2018\/11\/beauregard2-e1541782545984-224x300.jpg 224w, http:\/\/www.ecole-saintemarie.com\/wp-content\/uploads\/2018\/11\/beauregard2-e1541782545984-768x1028.jpg 768w, http:\/\/www.ecole-saintemarie.com\/wp-content\/uploads\/2018\/11\/beauregard2-e1541782545984-765x1024.jpg 765w, http:\/\/www.ecole-saintemarie.com\/wp-content\/uploads\/2018\/11\/beauregard2-e1541782545984.jpg 1936w\" sizes=\"(max-width: 224px) 100vw, 224px\" \/><\/a><\/p>\n<p>Apr\u00e8s la course, toujours aussi frais !<\/p>\n<p><a href=\"http:\/\/www.ecole-saintemarie.com\/wp-content\/uploads\/2018\/11\/beauregard4-e1541782511613.jpg\"><img loading=\"lazy\" class=\"alignnone size-medium wp-image-7369\" src=\"http:\/\/www.ecole-saintemarie.com\/wp-content\/uploads\/2018\/11\/beauregard4-e1541782511613-224x300.jpg\" alt=\"\" width=\"224\" height=\"300\" srcset=\"http:\/\/www.ecole-saintemarie.com\/wp-content\/uploads\/2018\/11\/beauregard4-e1541782511613-224x300.jpg 224w, http:\/\/www.ecole-saintemarie.com\/wp-content\/uploads\/2018\/11\/beauregard4-e1541782511613-768x1028.jpg 768w, http:\/\/www.ecole-saintemarie.com\/wp-content\/uploads\/2018\/11\/beauregard4-e1541782511613-765x1024.jpg 765w, http:\/\/www.ecole-saintemarie.com\/wp-content\/uploads\/2018\/11\/beauregard4-e1541782511613.jpg 1936w\" sizes=\"(max-width: 224px) 100vw, 224px\" \/><\/a><\/p>\n<p>&nbsp;<\/p>\n","protected":false},"excerpt":{"rendered":"<p>Mercredi 7 novembre, a eu lieu le cross d\u00e9partemental de l&rsquo;UGSEL au Parc de Beauregard \u00e0 H\u00e9rouville. R\u00e9serv\u00e9 aux \u00e9l\u00e8ves des \u00e9coles libres du Calvados du CM1 \u00e0 la troisi\u00e8me, ce sont des centaines d&rsquo;\u00e9l\u00e8ves qui se sont retrouv\u00e9s pour une \u00e9preuve d&rsquo;endurance. Gr\u00e9goire et Thibault, en CM1, ont particip\u00e9 avec 50 autres \u00e9l\u00e8ves de &hellip; <\/p>\n<p><a class=\"more-link btn\" href=\"http:\/\/www.ecole-saintemarie.com\/?p=7370\">Lire la suite<\/a><\/p>\n","protected":false},"author":2,"featured_media":7369,"comment_status":"closed","ping_status":"closed","sticky":false,"template":"","format":"standard","meta":[],"categories":[1],"tags":[],"_links":{"self":[{"href":"http:\/\/www.ecole-saintemarie.com\/index.php?rest_route=\/wp\/v2\/posts\/7370"}],"collection":[{"href":"http:\/\/www.ecole-saintemarie.com\/index.php?rest_route=\/wp\/v2\/posts"}],"about":[{"href":"http:\/\/www.ecole-saintemarie.com\/index.php?rest_route=\/wp\/v2\/types\/post"}],"author":[{"embeddable":true,"href":"http:\/\/www.ecole-saintemarie.com\/index.php?rest_route=\/wp\/v2\/users\/2"}],"replies":[{"embeddable":true,"href":"http:\/\/www.ecole-saintemarie.com\/index.php?rest_route=%2Fwp%2Fv2%2Fcomments&post=7370"}],"version-history":[{"count":1,"href":"http:\/\/www.ecole-saintemarie.com\/index.php?rest_route=\/wp\/v2\/posts\/7370\/revisions"}],"predecessor-version":[{"id":7371,"href":"http:\/\/www.ecole-saintemarie.com\/index.php?rest_route=\/wp\/v2\/posts\/7370\/revisions\/7371"}],"wp:featuredmedia":[{"embeddable":true,"href":"http:\/\/www.ecole-saintemarie.com\/index.php?rest_route=\/wp\/v2\/media\/7369"}],"wp:attachment":[{"href":"http:\/\/www.ecole-saintemarie.com\/index.php?rest_route=%2Fwp%2Fv2%2Fmedia&parent=7370"}],"wp:term":[{"taxonomy":"category","embeddable":true,"href":"http:\/\/www.ecole-saintemarie.com\/index.php?rest_route=%2Fwp%2Fv2%2Fcategories&post=7370"},{"taxonomy":"post_tag","embeddable":true,"href":"http:\/\/www.ecole-saintemarie.com\/index.php?rest_route=%2Fwp%2Fv2%2Ftags&post=7370"}],"curies":[{"name":"wp","href":"https:\/\/api.w.org\/{rel}","templated":true}]}}