{"id":5695,"date":"2017-04-25T11:47:59","date_gmt":"2017-04-25T09:47:59","guid":{"rendered":"http:\/\/www.ecole-saintemarie.com\/?p=5695"},"modified":"2017-04-25T11:50:53","modified_gmt":"2017-04-25T09:50:53","slug":"la-sortie-au-musee-des-beaux-arts","status":"publish","type":"post","link":"http:\/\/www.ecole-saintemarie.com\/?p=5695","title":{"rendered":"La sortie au mus\u00e9e des beaux arts"},"content":{"rendered":"<p>Mardi 28 mars, nous sommes all\u00e9s au mus\u00e9e des Beaux-Arts de Caen. Le matin, nous avons vu des tableaux rigolos et d&rsquo;autres qui \u00e9taient tristes. Nous avons bien aim\u00e9 les tableaux, surtout celui avec la vache. Le midi, nous avons rejoint la classe de CP-CE1 pour pique-niquer dans un parc. Nous avons eu de la chance car il faisait beau. Ensuite nous avons fait une longue marche pour aller \u00e0 la biblioth\u00e8que de Caen. D\u00e8s notre arriv\u00e9e, nous avons \u00e9cout\u00e9 un monsieur qui nous a pr\u00e9sent\u00e9 la grande biblioth\u00e8que et nous sommes mont\u00e9s dans un ascenseur pour aller au 2\u00e8me \u00e9tage, l\u00e0 o\u00f9 se trouvent les livres pour enfants. Un monsieur nous a racont\u00e9 deux histoires. celle du lapin et de l&rsquo;ours \u00e9tait particuli\u00e8rement dr\u00f4le ! Nous avons lu de magnifiques livres rang\u00e9s en ordre alphab\u00e9tique.<br \/>\nOn a bien aim\u00e9 la biblioth\u00e8que avec les jeux vid\u00e9o : cela donne envie d&rsquo;y retourner !<\/p>\n<p>&nbsp;<\/p>\n<p>(compte-rendu d&rsquo;apr\u00e8s les \u00e9crits de Thibault, Paul-Olivier, Augustin et C\u00f4me)<\/p>\n<p>&nbsp;<\/p>\n<p><a href=\"http:\/\/www.ecole-saintemarie.com\/wp-content\/uploads\/2017\/04\/Resized_20170328_120304.jpg\"><img loading=\"lazy\" class=\"alignnone size-medium wp-image-5694\" alt=\"Resized_20170328_120304\" src=\"http:\/\/www.ecole-saintemarie.com\/wp-content\/uploads\/2017\/04\/Resized_20170328_120304-225x300.jpg\" width=\"225\" height=\"300\" srcset=\"http:\/\/www.ecole-saintemarie.com\/wp-content\/uploads\/2017\/04\/Resized_20170328_120304-225x300.jpg 225w, http:\/\/www.ecole-saintemarie.com\/wp-content\/uploads\/2017\/04\/Resized_20170328_120304-768x1024.jpg 768w, http:\/\/www.ecole-saintemarie.com\/wp-content\/uploads\/2017\/04\/Resized_20170328_120304.jpg 1440w\" sizes=\"(max-width: 225px) 100vw, 225px\" \/><\/a> <a href=\"http:\/\/www.ecole-saintemarie.com\/wp-content\/uploads\/2017\/04\/Resized_20170328_114844.jpg\"><img loading=\"lazy\" class=\"alignnone size-medium wp-image-5693\" alt=\"Resized_20170328_114844\" src=\"http:\/\/www.ecole-saintemarie.com\/wp-content\/uploads\/2017\/04\/Resized_20170328_114844-225x300.jpg\" width=\"225\" height=\"300\" srcset=\"http:\/\/www.ecole-saintemarie.com\/wp-content\/uploads\/2017\/04\/Resized_20170328_114844-225x300.jpg 225w, http:\/\/www.ecole-saintemarie.com\/wp-content\/uploads\/2017\/04\/Resized_20170328_114844-768x1024.jpg 768w, http:\/\/www.ecole-saintemarie.com\/wp-content\/uploads\/2017\/04\/Resized_20170328_114844.jpg 1440w\" sizes=\"(max-width: 225px) 100vw, 225px\" \/><\/a> <a href=\"http:\/\/www.ecole-saintemarie.com\/wp-content\/uploads\/2017\/04\/Resized_20170328_113357.jpg\"><img loading=\"lazy\" class=\"alignnone size-medium wp-image-5692\" alt=\"Resized_20170328_113357\" src=\"http:\/\/www.ecole-saintemarie.com\/wp-content\/uploads\/2017\/04\/Resized_20170328_113357-225x300.jpg\" width=\"225\" height=\"300\" srcset=\"http:\/\/www.ecole-saintemarie.com\/wp-content\/uploads\/2017\/04\/Resized_20170328_113357-225x300.jpg 225w, http:\/\/www.ecole-saintemarie.com\/wp-content\/uploads\/2017\/04\/Resized_20170328_113357-768x1024.jpg 768w, http:\/\/www.ecole-saintemarie.com\/wp-content\/uploads\/2017\/04\/Resized_20170328_113357.jpg 1440w\" sizes=\"(max-width: 225px) 100vw, 225px\" \/><\/a><\/p>\n","protected":false},"excerpt":{"rendered":"<p>Mardi 28 mars, nous sommes all\u00e9s au mus\u00e9e des Beaux-Arts de Caen. Le matin, nous avons vu des tableaux rigolos et d&rsquo;autres qui \u00e9taient tristes. Nous avons bien aim\u00e9 les tableaux, surtout celui avec la vache. Le midi, nous avons rejoint la classe de CP-CE1 pour pique-niquer dans un parc. Nous avons eu de la &hellip; <\/p>\n<p><a class=\"more-link btn\" href=\"http:\/\/www.ecole-saintemarie.com\/?p=5695\">Lire la suite<\/a><\/p>\n","protected":false},"author":2,"featured_media":5693,"comment_status":"closed","ping_status":"closed","sticky":false,"template":"","format":"standard","meta":[],"categories":[33,1],"tags":[],"_links":{"self":[{"href":"http:\/\/www.ecole-saintemarie.com\/index.php?rest_route=\/wp\/v2\/posts\/5695"}],"collection":[{"href":"http:\/\/www.ecole-saintemarie.com\/index.php?rest_route=\/wp\/v2\/posts"}],"about":[{"href":"http:\/\/www.ecole-saintemarie.com\/index.php?rest_route=\/wp\/v2\/types\/post"}],"author":[{"embeddable":true,"href":"http:\/\/www.ecole-saintemarie.com\/index.php?rest_route=\/wp\/v2\/users\/2"}],"replies":[{"embeddable":true,"href":"http:\/\/www.ecole-saintemarie.com\/index.php?rest_route=%2Fwp%2Fv2%2Fcomments&post=5695"}],"version-history":[{"count":1,"href":"http:\/\/www.ecole-saintemarie.com\/index.php?rest_route=\/wp\/v2\/posts\/5695\/revisions"}],"predecessor-version":[{"id":5696,"href":"http:\/\/www.ecole-saintemarie.com\/index.php?rest_route=\/wp\/v2\/posts\/5695\/revisions\/5696"}],"wp:featuredmedia":[{"embeddable":true,"href":"http:\/\/www.ecole-saintemarie.com\/index.php?rest_route=\/wp\/v2\/media\/5693"}],"wp:attachment":[{"href":"http:\/\/www.ecole-saintemarie.com\/index.php?rest_route=%2Fwp%2Fv2%2Fmedia&parent=5695"}],"wp:term":[{"taxonomy":"category","embeddable":true,"href":"http:\/\/www.ecole-saintemarie.com\/index.php?rest_route=%2Fwp%2Fv2%2Fcategories&post=5695"},{"taxonomy":"post_tag","embeddable":true,"href":"http:\/\/www.ecole-saintemarie.com\/index.php?rest_route=%2Fwp%2Fv2%2Ftags&post=5695"}],"curies":[{"name":"wp","href":"https:\/\/api.w.org\/{rel}","templated":true}]}}