{"id":5238,"date":"2016-12-13T12:46:19","date_gmt":"2016-12-13T11:46:19","guid":{"rendered":"http:\/\/www.ecole-saintemarie.com\/?p=5238"},"modified":"2016-12-13T12:46:19","modified_gmt":"2016-12-13T11:46:19","slug":"des-nouvelles-de-splish","status":"publish","type":"post","link":"http:\/\/www.ecole-saintemarie.com\/?p=5238","title":{"rendered":"Des nouvelles de Splish"},"content":{"rendered":"<p align=\"CENTER\"><span style=\"font-size: large;\">\u00a0<\/span><\/p>\n<p>&nbsp;<\/p>\n<p>Monsieur Viaud, de la Confr\u00e9rie de la Baleine, est venu dans notre \u00e9cole, vendredi 9 d\u00e9cembre, nous donner des nouvelles de la baleine Splish, dont la classe de CP de l\u2019an pass\u00e9 est marraine depuis le mois de juin dernier.<\/p>\n<p>&nbsp;<\/p>\n<p><a name=\"il_fi\"><\/a><img loading=\"lazy\" alt=\"\" src=\"https:\/\/upload.wikimedia.org\/wikipedia\/commons\/thumb\/9\/9e\/Humpback_stellwagen_edit.jpg\/290px-Humpback_stellwagen_edit.jpg\" width=\"290\" height=\"164\" name=\"images2\" align=\"LEFT\" border=\"0\" \/><\/p>\n<p>Nous avons pu voir des photos et vid\u00e9os de Splish qui se balade, qui saute, qui \u00e9clabousse, qui vit tout simplement dans les mers froides de la Baie de Saint Laurent, pr\u00e8s du Canada.<\/p>\n<p>Elle p\u00e8se 4O tonnes, et ses b\u00e9b\u00e9s la suivent\u2026<\/p>\n<p>Ces derni\u00e8res nouvelles datent du mois d\u2019octobre dernier, et sont transmises par l\u2019\u00e9quipe de scientifiques, de plongeurs d\u00e9tach\u00e9s sur place.<\/p>\n<p>Regards curieux devant les vid\u00e9os, nombreuses questions de la part des CM\u00a0! En plus d\u2019\u00eatre en rapport avec notre th\u00e8me de l\u2019ann\u00e9e, la visite de Mr Viaud a \u00e9norm\u00e9ment plu aux petits et grands de notre \u00e9cole\u00a0!<\/p>\n<p><a href=\"http:\/\/www.ecole-saintemarie.com\/wp-content\/uploads\/2016\/12\/photo-41-e1481629476392.jpg\"><img loading=\"lazy\" class=\"alignnone size-medium wp-image-5237\" alt=\"photo 4\" src=\"http:\/\/www.ecole-saintemarie.com\/wp-content\/uploads\/2016\/12\/photo-41-e1481629476392-224x300.jpg\" width=\"224\" height=\"300\" srcset=\"http:\/\/www.ecole-saintemarie.com\/wp-content\/uploads\/2016\/12\/photo-41-e1481629476392-224x300.jpg 224w, http:\/\/www.ecole-saintemarie.com\/wp-content\/uploads\/2016\/12\/photo-41-e1481629476392-764x1024.jpg 764w, http:\/\/www.ecole-saintemarie.com\/wp-content\/uploads\/2016\/12\/photo-41-e1481629476392.jpg 1936w\" sizes=\"(max-width: 224px) 100vw, 224px\" \/><\/a> <a href=\"http:\/\/www.ecole-saintemarie.com\/wp-content\/uploads\/2016\/12\/photo-31-e1481629459981.jpg\"><img loading=\"lazy\" class=\"alignnone size-medium wp-image-5236\" alt=\"photo 3\" src=\"http:\/\/www.ecole-saintemarie.com\/wp-content\/uploads\/2016\/12\/photo-31-e1481629459981-224x300.jpg\" width=\"224\" height=\"300\" srcset=\"http:\/\/www.ecole-saintemarie.com\/wp-content\/uploads\/2016\/12\/photo-31-e1481629459981-224x300.jpg 224w, http:\/\/www.ecole-saintemarie.com\/wp-content\/uploads\/2016\/12\/photo-31-e1481629459981-764x1024.jpg 764w, http:\/\/www.ecole-saintemarie.com\/wp-content\/uploads\/2016\/12\/photo-31-e1481629459981.jpg 1936w\" sizes=\"(max-width: 224px) 100vw, 224px\" \/><\/a> <a href=\"http:\/\/www.ecole-saintemarie.com\/wp-content\/uploads\/2016\/12\/photo-21-e1481629492249.jpg\"><img loading=\"lazy\" class=\"alignnone size-medium wp-image-5235\" alt=\"photo 2\" src=\"http:\/\/www.ecole-saintemarie.com\/wp-content\/uploads\/2016\/12\/photo-21-e1481629492249-224x300.jpg\" width=\"224\" height=\"300\" srcset=\"http:\/\/www.ecole-saintemarie.com\/wp-content\/uploads\/2016\/12\/photo-21-e1481629492249-224x300.jpg 224w, http:\/\/www.ecole-saintemarie.com\/wp-content\/uploads\/2016\/12\/photo-21-e1481629492249-764x1024.jpg 764w, http:\/\/www.ecole-saintemarie.com\/wp-content\/uploads\/2016\/12\/photo-21-e1481629492249.jpg 1936w\" sizes=\"(max-width: 224px) 100vw, 224px\" \/><\/a> <a href=\"http:\/\/www.ecole-saintemarie.com\/wp-content\/uploads\/2016\/12\/photo-11.jpg\"><img loading=\"lazy\" class=\"alignnone size-medium wp-image-5234\" alt=\"photo 1\" src=\"http:\/\/www.ecole-saintemarie.com\/wp-content\/uploads\/2016\/12\/photo-11-300x224.jpg\" width=\"300\" height=\"224\" srcset=\"http:\/\/www.ecole-saintemarie.com\/wp-content\/uploads\/2016\/12\/photo-11-300x224.jpg 300w, http:\/\/www.ecole-saintemarie.com\/wp-content\/uploads\/2016\/12\/photo-11-1024x764.jpg 1024w\" sizes=\"(max-width: 300px) 100vw, 300px\" \/><\/a><\/p>\n<p>A bient\u00f4t pour les nouvelles\u00a0!<\/p>\n<p>&nbsp;<\/p>\n<p>&nbsp;<\/p>\n","protected":false},"excerpt":{"rendered":"<p>\u00a0 &nbsp; Monsieur Viaud, de la Confr\u00e9rie de la Baleine, est venu dans notre \u00e9cole, vendredi 9 d\u00e9cembre, nous donner des nouvelles de la baleine Splish, dont la classe de CP de l\u2019an pass\u00e9 est marraine depuis le mois de juin dernier. &nbsp; Nous avons pu voir des photos et vid\u00e9os de Splish qui se &hellip; <\/p>\n<p><a class=\"more-link btn\" href=\"http:\/\/www.ecole-saintemarie.com\/?p=5238\">Lire la suite<\/a><\/p>\n","protected":false},"author":2,"featured_media":5234,"comment_status":"closed","ping_status":"closed","sticky":false,"template":"","format":"standard","meta":[],"categories":[33,29,31,1,32,34],"tags":[],"_links":{"self":[{"href":"http:\/\/www.ecole-saintemarie.com\/index.php?rest_route=\/wp\/v2\/posts\/5238"}],"collection":[{"href":"http:\/\/www.ecole-saintemarie.com\/index.php?rest_route=\/wp\/v2\/posts"}],"about":[{"href":"http:\/\/www.ecole-saintemarie.com\/index.php?rest_route=\/wp\/v2\/types\/post"}],"author":[{"embeddable":true,"href":"http:\/\/www.ecole-saintemarie.com\/index.php?rest_route=\/wp\/v2\/users\/2"}],"replies":[{"embeddable":true,"href":"http:\/\/www.ecole-saintemarie.com\/index.php?rest_route=%2Fwp%2Fv2%2Fcomments&post=5238"}],"version-history":[{"count":1,"href":"http:\/\/www.ecole-saintemarie.com\/index.php?rest_route=\/wp\/v2\/posts\/5238\/revisions"}],"predecessor-version":[{"id":5239,"href":"http:\/\/www.ecole-saintemarie.com\/index.php?rest_route=\/wp\/v2\/posts\/5238\/revisions\/5239"}],"wp:featuredmedia":[{"embeddable":true,"href":"http:\/\/www.ecole-saintemarie.com\/index.php?rest_route=\/wp\/v2\/media\/5234"}],"wp:attachment":[{"href":"http:\/\/www.ecole-saintemarie.com\/index.php?rest_route=%2Fwp%2Fv2%2Fmedia&parent=5238"}],"wp:term":[{"taxonomy":"category","embeddable":true,"href":"http:\/\/www.ecole-saintemarie.com\/index.php?rest_route=%2Fwp%2Fv2%2Fcategories&post=5238"},{"taxonomy":"post_tag","embeddable":true,"href":"http:\/\/www.ecole-saintemarie.com\/index.php?rest_route=%2Fwp%2Fv2%2Ftags&post=5238"}],"curies":[{"name":"wp","href":"https:\/\/api.w.org\/{rel}","templated":true}]}}