{"id":5222,"date":"2016-12-13T11:59:01","date_gmt":"2016-12-13T10:59:01","guid":{"rendered":"http:\/\/www.ecole-saintemarie.com\/?p=5222"},"modified":"2016-12-13T11:59:01","modified_gmt":"2016-12-13T10:59:01","slug":"la-celebration-des-maternelles","status":"publish","type":"post","link":"http:\/\/www.ecole-saintemarie.com\/?p=5222","title":{"rendered":"la c\u00e9l\u00e9bration des maternelles"},"content":{"rendered":"<p><span style=\"font-family: Times New Roman,serif;\"><span style=\"font-size: medium;\"><span style=\"font-size: small;\">Tous les enfants de la maternelle se sont retrouv\u00e9s \u00e0 la <\/span><span style=\"font-size: x-large;\">chapelle<\/span><span style=\"font-size: small;\"> en compagnie de quelques parents et grands-parents ce lundi 12 d\u00e9cembre.<\/span><\/span><\/span><\/p>\n<p><a href=\"http:\/\/www.ecole-saintemarie.com\/wp-content\/uploads\/2016\/12\/photo-3.jpg\"><img loading=\"lazy\" class=\"alignnone size-medium wp-image-5218\" alt=\"photo 3\" src=\"http:\/\/www.ecole-saintemarie.com\/wp-content\/uploads\/2016\/12\/photo-3-300x224.jpg\" width=\"300\" height=\"224\" srcset=\"http:\/\/www.ecole-saintemarie.com\/wp-content\/uploads\/2016\/12\/photo-3-300x224.jpg 300w, http:\/\/www.ecole-saintemarie.com\/wp-content\/uploads\/2016\/12\/photo-3-1024x764.jpg 1024w\" sizes=\"(max-width: 300px) 100vw, 300px\" \/><\/a> <a href=\"http:\/\/www.ecole-saintemarie.com\/wp-content\/uploads\/2016\/12\/photo-2.jpg\"><img loading=\"lazy\" class=\"alignnone size-medium wp-image-5217\" alt=\"photo 2\" src=\"http:\/\/www.ecole-saintemarie.com\/wp-content\/uploads\/2016\/12\/photo-2-300x224.jpg\" width=\"300\" height=\"224\" srcset=\"http:\/\/www.ecole-saintemarie.com\/wp-content\/uploads\/2016\/12\/photo-2-300x224.jpg 300w, http:\/\/www.ecole-saintemarie.com\/wp-content\/uploads\/2016\/12\/photo-2-1024x764.jpg 1024w\" sizes=\"(max-width: 300px) 100vw, 300px\" \/><\/a> <a href=\"http:\/\/www.ecole-saintemarie.com\/wp-content\/uploads\/2016\/12\/photo-1.jpg\"><img loading=\"lazy\" class=\"alignnone size-medium wp-image-5216\" alt=\"photo 1\" src=\"http:\/\/www.ecole-saintemarie.com\/wp-content\/uploads\/2016\/12\/photo-1-300x224.jpg\" width=\"300\" height=\"224\" srcset=\"http:\/\/www.ecole-saintemarie.com\/wp-content\/uploads\/2016\/12\/photo-1-300x224.jpg 300w, http:\/\/www.ecole-saintemarie.com\/wp-content\/uploads\/2016\/12\/photo-1-1024x764.jpg 1024w\" sizes=\"(max-width: 300px) 100vw, 300px\" \/><\/a><\/p>\n<p><span style=\"font-family: Times New Roman,serif;\"><span style=\"font-size: medium;\"><span style=\"font-size: small;\">A travers le conte \u00ab\u00a0No\u00ebl dans la for\u00eat\u00a0\u00bb, ils ont suivi les aventures des animaux qui craignent le loup et qui se r\u00e9jouissent de le voir pris dans un pi\u00e8ge. <\/span><\/span><\/span><\/p>\n<p><span style=\"font-family: Times New Roman,serif;\"><span style=\"font-size: medium;\"><span style=\"font-size: small;\">Mais lorsque le grand ch\u00eane s\u2019abat sur l\u2019entr\u00e9e du terrier des lapins, ils sont bien heureux qu\u2019il accepte de venir les aider.<br \/>\nC\u2019est la magie de No\u00ebl\u00a0: l\u2019accueil de l\u2019\u00e9tranger (celui qui faisait peur au d\u00e9but de l\u2019histoire) est finalement tr\u00e8s important pour permettre \u00e0 tous de se retrouver.<br \/>\nLes animaux se retrouvent autour de la cr\u00e8che pour r\u00e9chauffer J\u00e9sus couch\u00e9 pr\u00e8s de sa maman Marie.<\/span><\/span><\/span><\/p>\n<p>&nbsp;<\/p>\n<p><span style=\"font-family: Times New Roman,serif;\"><span style=\"font-size: medium;\"><span style=\"font-size: small;\">Des bougies ont \u00e9t\u00e9 d\u00e9pos\u00e9es devant la cr\u00e8che de la chapelle. D\u2019autres ont \u00e9t\u00e9 ramen\u00e9es \u00e0 l\u2019\u00e9cole pour les d\u00e9poser devant la cr\u00e8che de la garderie.<br \/>\n<\/span><\/span><\/span><\/p>\n<p><span style=\"font-family: Times New Roman,serif;\"><span style=\"font-size: medium;\"><span style=\"font-size: small;\"><a href=\"http:\/\/www.ecole-saintemarie.com\/wp-content\/uploads\/2016\/12\/photo-5-e1481626609614.jpg\"><img loading=\"lazy\" class=\"alignnone size-medium wp-image-5220\" alt=\"photo 5\" src=\"http:\/\/www.ecole-saintemarie.com\/wp-content\/uploads\/2016\/12\/photo-5-e1481626609614-224x300.jpg\" width=\"224\" height=\"300\" srcset=\"http:\/\/www.ecole-saintemarie.com\/wp-content\/uploads\/2016\/12\/photo-5-e1481626609614-224x300.jpg 224w, http:\/\/www.ecole-saintemarie.com\/wp-content\/uploads\/2016\/12\/photo-5-e1481626609614-764x1024.jpg 764w, http:\/\/www.ecole-saintemarie.com\/wp-content\/uploads\/2016\/12\/photo-5-e1481626609614.jpg 1936w\" sizes=\"(max-width: 224px) 100vw, 224px\" \/><\/a> <a href=\"http:\/\/www.ecole-saintemarie.com\/wp-content\/uploads\/2016\/12\/photo-4-e1481626581792.jpg\"><img loading=\"lazy\" class=\"alignnone size-medium wp-image-5219\" alt=\"photo 4\" src=\"http:\/\/www.ecole-saintemarie.com\/wp-content\/uploads\/2016\/12\/photo-4-e1481626581792-224x300.jpg\" width=\"224\" height=\"300\" srcset=\"http:\/\/www.ecole-saintemarie.com\/wp-content\/uploads\/2016\/12\/photo-4-e1481626581792-224x300.jpg 224w, http:\/\/www.ecole-saintemarie.com\/wp-content\/uploads\/2016\/12\/photo-4-e1481626581792-764x1024.jpg 764w, http:\/\/www.ecole-saintemarie.com\/wp-content\/uploads\/2016\/12\/photo-4-e1481626581792.jpg 1936w\" sizes=\"(max-width: 224px) 100vw, 224px\" \/><\/a> <a href=\"http:\/\/www.ecole-saintemarie.com\/wp-content\/uploads\/2016\/12\/photo.jpg\"><img loading=\"lazy\" class=\"alignnone size-medium wp-image-5221\" alt=\"photo\" src=\"http:\/\/www.ecole-saintemarie.com\/wp-content\/uploads\/2016\/12\/photo-300x224.jpg\" width=\"300\" height=\"224\" srcset=\"http:\/\/www.ecole-saintemarie.com\/wp-content\/uploads\/2016\/12\/photo-300x224.jpg 300w, http:\/\/www.ecole-saintemarie.com\/wp-content\/uploads\/2016\/12\/photo-1024x764.jpg 1024w\" sizes=\"(max-width: 300px) 100vw, 300px\" \/><\/a><br \/>\nEt les enfants ont chant\u00e9, accompagn\u00e9s de Sylvie et Blandine, animatrices pastorales\u00a0:<\/span><\/span><\/span><\/p>\n<p><span style=\"font-family: Times New Roman,serif;\"><span style=\"font-size: medium;\"><span style=\"font-size: small;\"><b>Entre le b\u0153uf et l&rsquo;\u00e2ne gris <\/b><\/span><\/span><\/span><\/p>\n<p><a name=\"_GoBack\"><\/a> <span style=\"font-family: Times New Roman,serif;\"><span style=\"font-size: medium;\"><span style=\"font-size: small;\">Entre le b\u0153uf et l&rsquo;\u00e2ne gris<br \/>\nDort, dort, dort le petit fils,<br \/>\nMille anges divins, mille s\u00e9raphins<br \/>\nVolent \u00e0 l&rsquo;entour de ce grand Dieu d&rsquo;amour.<\/span><span style=\"font-size: small;\"><\/p>\n<p>Entre les deux bras de Marie,<br \/>\nDort, dort, dort le petit fils,<br \/>\nMille anges divins, mille s\u00e9raphins<br \/>\nVolent \u00e0 l&rsquo;entour de ce grand Dieu d&rsquo;amour.<\/span><\/span><\/span><\/p>\n<p><span style=\"font-family: Times New Roman,serif;\"><span style=\"font-size: medium;\"><span style=\"font-size: small;\"><b>Evenou shalom<\/b><\/span><\/span><\/span><\/p>\n<p><span style=\"font-family: Times New Roman,serif;\"><span style=\"font-size: medium;\"><span style=\"font-size: small;\">Evenou shalom alerhem\u00a0!<br \/>\nEvenou shalom alerhem\u00a0!<br \/>\nEvenou shalom alerhem\u00a0!<br \/>\n<\/span><span style=\"font-size: small;\">Evenou shalom alerhem\u00a0!<\/span><\/span><\/span><\/p>\n<p><span style=\"font-family: Times New Roman,serif;\"><span style=\"font-size: medium;\"><span style=\"font-size: small;\"><br \/>\n<\/span><span style=\"font-size: small;\"><b>1<\/b><\/span><sup><span style=\"font-size: small;\"><b>er<\/b><\/span><\/sup><span style=\"font-size: small;\"><b> couplet<\/b><\/span><\/span><\/span><\/p>\n<p><span style=\"font-family: Times New Roman,serif;\"><span style=\"font-size: medium;\"><span style=\"font-size: small;\">Nous vous annon\u00e7ons la paix,<br \/>\nNous vous annon\u00e7ons la paix,<br \/>\nNous vous annon\u00e7ons la paix,<\/span><span style=\"font-size: small;\"><br \/>\nNous vous annon\u00e7ons la paix, la paix, la paix de J\u00e9sus\u00a0!<\/span><\/span><\/span><\/p>\n<p><span style=\"font-family: Times New Roman,serif;\"><span style=\"font-size: medium;\"><br \/>\n<span style=\"font-size: small;\"><b>2<\/b><\/span><sup><span style=\"font-size: small;\"><b>e<\/b><\/span><\/sup><span style=\"font-size: small;\"><b> couplet<\/b><\/span><span style=\"font-size: small;\">\u00a0: la joie<\/span><\/span><\/span><\/p>\n<p><span style=\"font-family: Times New Roman,serif;\"><span style=\"font-size: medium;\"><span style=\"font-size: small;\"><br \/>\n<\/span><\/span><\/span><\/p>\n<p><span style=\"font-family: Times New Roman,serif;\"><span style=\"font-size: medium;\"><span style=\"font-size: small;\"><b>3<\/b><\/span><sup><span style=\"font-size: small;\"><b>e<\/b><\/span><\/sup><span style=\"font-size: small;\"><b> couplet<\/b><\/span><span style=\"font-size: small;\">\u00a0: l\u2019amour<\/span><\/span><\/span><\/p>\n<p>&nbsp;<\/p>\n","protected":false},"excerpt":{"rendered":"<p>Tous les enfants de la maternelle se sont retrouv\u00e9s \u00e0 la chapelle en compagnie de quelques parents et grands-parents ce lundi 12 d\u00e9cembre. A travers le conte \u00ab\u00a0No\u00ebl dans la for\u00eat\u00a0\u00bb, ils ont suivi les aventures des animaux qui craignent le loup et qui se r\u00e9jouissent de le voir pris dans un pi\u00e8ge. Mais lorsque &hellip; <\/p>\n<p><a class=\"more-link btn\" href=\"http:\/\/www.ecole-saintemarie.com\/?p=5222\">Lire la suite<\/a><\/p>\n","protected":false},"author":2,"featured_media":5221,"comment_status":"closed","ping_status":"closed","sticky":false,"template":"","format":"standard","meta":[],"categories":[1,32,34],"tags":[],"_links":{"self":[{"href":"http:\/\/www.ecole-saintemarie.com\/index.php?rest_route=\/wp\/v2\/posts\/5222"}],"collection":[{"href":"http:\/\/www.ecole-saintemarie.com\/index.php?rest_route=\/wp\/v2\/posts"}],"about":[{"href":"http:\/\/www.ecole-saintemarie.com\/index.php?rest_route=\/wp\/v2\/types\/post"}],"author":[{"embeddable":true,"href":"http:\/\/www.ecole-saintemarie.com\/index.php?rest_route=\/wp\/v2\/users\/2"}],"replies":[{"embeddable":true,"href":"http:\/\/www.ecole-saintemarie.com\/index.php?rest_route=%2Fwp%2Fv2%2Fcomments&post=5222"}],"version-history":[{"count":1,"href":"http:\/\/www.ecole-saintemarie.com\/index.php?rest_route=\/wp\/v2\/posts\/5222\/revisions"}],"predecessor-version":[{"id":5223,"href":"http:\/\/www.ecole-saintemarie.com\/index.php?rest_route=\/wp\/v2\/posts\/5222\/revisions\/5223"}],"wp:featuredmedia":[{"embeddable":true,"href":"http:\/\/www.ecole-saintemarie.com\/index.php?rest_route=\/wp\/v2\/media\/5221"}],"wp:attachment":[{"href":"http:\/\/www.ecole-saintemarie.com\/index.php?rest_route=%2Fwp%2Fv2%2Fmedia&parent=5222"}],"wp:term":[{"taxonomy":"category","embeddable":true,"href":"http:\/\/www.ecole-saintemarie.com\/index.php?rest_route=%2Fwp%2Fv2%2Fcategories&post=5222"},{"taxonomy":"post_tag","embeddable":true,"href":"http:\/\/www.ecole-saintemarie.com\/index.php?rest_route=%2Fwp%2Fv2%2Ftags&post=5222"}],"curies":[{"name":"wp","href":"https:\/\/api.w.org\/{rel}","templated":true}]}}