{"id":1819,"date":"2014-06-12T13:46:04","date_gmt":"2014-06-12T11:46:04","guid":{"rendered":"http:\/\/www.ecole-saintemarie.com\/?p=1819"},"modified":"2014-06-16T12:18:21","modified_gmt":"2014-06-16T10:18:21","slug":"lecole-fete-la-paix","status":"publish","type":"post","link":"http:\/\/www.ecole-saintemarie.com\/?p=1819","title":{"rendered":"L&rsquo;\u00e9cole f\u00eate la paix"},"content":{"rendered":"<p>Vendredi 6 juin 2014 : une date symbolique pour c\u00e9l\u00e9brer la paix dans le monde !<\/p>\n<p>A l&rsquo;\u00e9cole aussi, nous avons pris un temps pour lire un texte (\u00e0 lire ci-dessous), \u00e9couter la chanson \u00ab\u00a0Si\u00a0\u00bb de Zaz et repr\u00e9senter le mot \u00ab\u00a0PAIX\u00a0\u00bb avec tous les enfants et les adultes de l&rsquo;\u00e9cole pr\u00e9sents ce jour-l\u00e0 et v\u00eatus d&rsquo;un v\u00eatement blanc.<\/p>\n<p><a href=\"http:\/\/www.ecole-saintemarie.com\/wp-content\/uploads\/2014\/06\/IMG_3900.jpg\"><img loading=\"lazy\" class=\"alignnone size-medium wp-image-1818\" alt=\"IMG_3900\" src=\"http:\/\/www.ecole-saintemarie.com\/wp-content\/uploads\/2014\/06\/IMG_3900-300x225.jpg\" width=\"300\" height=\"225\" srcset=\"http:\/\/www.ecole-saintemarie.com\/wp-content\/uploads\/2014\/06\/IMG_3900-300x225.jpg 300w, http:\/\/www.ecole-saintemarie.com\/wp-content\/uploads\/2014\/06\/IMG_3900-1024x768.jpg 1024w, http:\/\/www.ecole-saintemarie.com\/wp-content\/uploads\/2014\/06\/IMG_3900.jpg 2000w\" sizes=\"(max-width: 300px) 100vw, 300px\" \/><\/a><\/p>\n<p>&nbsp;<\/p>\n<p>&nbsp;<\/p>\n<p><em><b>\u00ab\u00a0D\u00e9clarons la PAIX\u00a0\u00bb<\/b><\/em><i><\/i><\/p>\n<p>&nbsp;<\/p>\n<p><em><b>\u00ab\u00a0Tous les fils d\u2019Abraham<\/b><\/em><\/p>\n<p>&nbsp;<\/p>\n<p><em><b>juifs, musulmans, chr\u00e9tiens, <\/b><\/em><\/p>\n<p>&nbsp;<\/p>\n<p><em><b>devraient d\u00e9clarer la Paix<\/b><\/em><\/p>\n<p>&nbsp;<\/p>\n<p><em><b>militer pour la Paix, aimer la Paix, faire la Paix\u00a0!<\/b><\/em><\/p>\n<p>&nbsp;<\/p>\n<p><em><b>Ce Dieu unique vers lequel nous marchons par des chemins diff\u00e9rents, est un Dieu de Paix\u00a0! nous sommes des fr\u00e8res.<\/b><\/em><i><br \/>\n<\/i><em><b>Comme une mis\u00e8re, la guerre est une insulte \u00e0 l\u2019homme, et une insulte \u00e0 Dieu.<\/b><\/em><i><br \/>\n<\/i><em><b>Nos mains nous ont \u00e9t\u00e9 donn\u00e9es par ce Dieu unique pour b\u00e2tir, soigner, caresser, prier et non pour cogner, d\u00e9truire et tuer.<\/b><\/em><i><br \/>\n<\/i><em><b>Il est urgent de faire la Paix et que tous les enfants du monde aient leur chance de vie et d\u2019amour\u00a0\u00bb.<\/b><\/em><\/p>\n<p>&nbsp;<\/p>\n<p><em>\u00a0<\/em><\/p>\n<p>&nbsp;<\/p>\n<p><em><b>P\u00e8re Jean FRECHET<em><b>, chevalier de la L\u00e9gion d&rsquo;Honneur, <em><b>Consacr\u00e9 aux plus d\u00e9munis<\/b><\/em><\/b><\/em><\/b><\/em><\/p>\n<p><a href=\"http:\/\/www.ecole-saintemarie.com\/wp-content\/uploads\/2014\/06\/6-juin-004.jpg\"><img loading=\"lazy\" class=\"alignnone size-medium wp-image-1823\" alt=\"6 juin 004\" src=\"http:\/\/www.ecole-saintemarie.com\/wp-content\/uploads\/2014\/06\/6-juin-004-300x225.jpg\" width=\"300\" height=\"225\" srcset=\"http:\/\/www.ecole-saintemarie.com\/wp-content\/uploads\/2014\/06\/6-juin-004-300x225.jpg 300w, http:\/\/www.ecole-saintemarie.com\/wp-content\/uploads\/2014\/06\/6-juin-004-1024x768.jpg 1024w\" sizes=\"(max-width: 300px) 100vw, 300px\" \/><\/a> <a href=\"http:\/\/www.ecole-saintemarie.com\/wp-content\/uploads\/2014\/06\/6-juin-005.jpg\"><img loading=\"lazy\" class=\"alignnone size-medium wp-image-1822\" alt=\"6 juin 005\" src=\"http:\/\/www.ecole-saintemarie.com\/wp-content\/uploads\/2014\/06\/6-juin-005-300x225.jpg\" width=\"300\" height=\"225\" srcset=\"http:\/\/www.ecole-saintemarie.com\/wp-content\/uploads\/2014\/06\/6-juin-005-300x225.jpg 300w, http:\/\/www.ecole-saintemarie.com\/wp-content\/uploads\/2014\/06\/6-juin-005-1024x768.jpg 1024w\" sizes=\"(max-width: 300px) 100vw, 300px\" \/><\/a> <a href=\"http:\/\/www.ecole-saintemarie.com\/wp-content\/uploads\/2014\/06\/6-juin-003.jpg\"><img loading=\"lazy\" class=\"alignnone size-medium wp-image-1821\" alt=\"6 juin 003\" src=\"http:\/\/www.ecole-saintemarie.com\/wp-content\/uploads\/2014\/06\/6-juin-003-300x225.jpg\" width=\"300\" height=\"225\" srcset=\"http:\/\/www.ecole-saintemarie.com\/wp-content\/uploads\/2014\/06\/6-juin-003-300x225.jpg 300w, http:\/\/www.ecole-saintemarie.com\/wp-content\/uploads\/2014\/06\/6-juin-003-1024x768.jpg 1024w\" sizes=\"(max-width: 300px) 100vw, 300px\" \/><\/a><\/p>\n<p>Les \u00e9l\u00e8ves de CE1, CE2 et CM ont r\u00e9alis\u00e9 des tableaux sur la paix, inspir\u00e9s de la colombe de Magritte. On peut les admirer dans le hall de l&rsquo;\u00e9cole.<\/p>\n<p><a href=\"http:\/\/www.ecole-saintemarie.com\/wp-content\/uploads\/2014\/06\/IMG_2281.jpg\"><img loading=\"lazy\" class=\"alignnone size-medium wp-image-1815\" alt=\"IMG_2281\" src=\"http:\/\/www.ecole-saintemarie.com\/wp-content\/uploads\/2014\/06\/IMG_2281-300x225.jpg\" width=\"300\" height=\"225\" srcset=\"http:\/\/www.ecole-saintemarie.com\/wp-content\/uploads\/2014\/06\/IMG_2281-300x225.jpg 300w, http:\/\/www.ecole-saintemarie.com\/wp-content\/uploads\/2014\/06\/IMG_2281-1024x768.jpg 1024w\" sizes=\"(max-width: 300px) 100vw, 300px\" \/><\/a><\/p>\n<p><a href=\"http:\/\/www.ecole-saintemarie.com\/wp-content\/uploads\/2014\/06\/IMG_2280.jpg\"><img loading=\"lazy\" class=\"alignnone size-medium wp-image-1816\" alt=\"IMG_2280\" src=\"http:\/\/www.ecole-saintemarie.com\/wp-content\/uploads\/2014\/06\/IMG_2280-300x225.jpg\" width=\"300\" height=\"225\" srcset=\"http:\/\/www.ecole-saintemarie.com\/wp-content\/uploads\/2014\/06\/IMG_2280-300x225.jpg 300w, http:\/\/www.ecole-saintemarie.com\/wp-content\/uploads\/2014\/06\/IMG_2280-1024x768.jpg 1024w\" sizes=\"(max-width: 300px) 100vw, 300px\" \/><\/a><\/p>\n<p><em><span style=\"font-size: x-large;\"><b>\u00a0<\/b><\/span><\/em><\/p>\n","protected":false},"excerpt":{"rendered":"<p>Vendredi 6 juin 2014 : une date symbolique pour c\u00e9l\u00e9brer la paix dans le monde ! A l&rsquo;\u00e9cole aussi, nous avons pris un temps pour lire un texte (\u00e0 lire ci-dessous), \u00e9couter la chanson \u00ab\u00a0Si\u00a0\u00bb de Zaz et repr\u00e9senter le mot \u00ab\u00a0PAIX\u00a0\u00bb avec tous les enfants et les adultes de l&rsquo;\u00e9cole pr\u00e9sents ce jour-l\u00e0 et &hellip; <\/p>\n<p><a class=\"more-link btn\" href=\"http:\/\/www.ecole-saintemarie.com\/?p=1819\">Lire la suite<\/a><\/p>\n","protected":false},"author":2,"featured_media":1815,"comment_status":"closed","ping_status":"open","sticky":false,"template":"","format":"standard","meta":[],"categories":[1,5],"tags":[],"_links":{"self":[{"href":"http:\/\/www.ecole-saintemarie.com\/index.php?rest_route=\/wp\/v2\/posts\/1819"}],"collection":[{"href":"http:\/\/www.ecole-saintemarie.com\/index.php?rest_route=\/wp\/v2\/posts"}],"about":[{"href":"http:\/\/www.ecole-saintemarie.com\/index.php?rest_route=\/wp\/v2\/types\/post"}],"author":[{"embeddable":true,"href":"http:\/\/www.ecole-saintemarie.com\/index.php?rest_route=\/wp\/v2\/users\/2"}],"replies":[{"embeddable":true,"href":"http:\/\/www.ecole-saintemarie.com\/index.php?rest_route=%2Fwp%2Fv2%2Fcomments&post=1819"}],"version-history":[{"count":3,"href":"http:\/\/www.ecole-saintemarie.com\/index.php?rest_route=\/wp\/v2\/posts\/1819\/revisions"}],"predecessor-version":[{"id":1831,"href":"http:\/\/www.ecole-saintemarie.com\/index.php?rest_route=\/wp\/v2\/posts\/1819\/revisions\/1831"}],"wp:featuredmedia":[{"embeddable":true,"href":"http:\/\/www.ecole-saintemarie.com\/index.php?rest_route=\/wp\/v2\/media\/1815"}],"wp:attachment":[{"href":"http:\/\/www.ecole-saintemarie.com\/index.php?rest_route=%2Fwp%2Fv2%2Fmedia&parent=1819"}],"wp:term":[{"taxonomy":"category","embeddable":true,"href":"http:\/\/www.ecole-saintemarie.com\/index.php?rest_route=%2Fwp%2Fv2%2Fcategories&post=1819"},{"taxonomy":"post_tag","embeddable":true,"href":"http:\/\/www.ecole-saintemarie.com\/index.php?rest_route=%2Fwp%2Fv2%2Ftags&post=1819"}],"curies":[{"name":"wp","href":"https:\/\/api.w.org\/{rel}","templated":true}]}}