{"id":1651,"date":"2014-04-22T12:21:21","date_gmt":"2014-04-22T10:21:21","guid":{"rendered":"http:\/\/www.ecole-saintemarie.com\/?p=1651"},"modified":"2014-04-22T12:21:21","modified_gmt":"2014-04-22T10:21:21","slug":"bol-de-riz","status":"publish","type":"post","link":"http:\/\/www.ecole-saintemarie.com\/?p=1651","title":{"rendered":"Bol de riz"},"content":{"rendered":"<p>Les enfants de la maternelle et du primaire, ainsi que les adultes de l&rsquo;\u00e9cole se sont retrouv\u00e9s vendredi 18 avril dans le jardin de l&rsquo;\u00e9cole pour partager un bol de riz.<\/p>\n<p><a href=\"http:\/\/www.ecole-saintemarie.com\/wp-content\/uploads\/2014\/04\/bol-de-riz-009.jpg\"><img loading=\"lazy\" class=\"alignnone size-medium wp-image-1636\" alt=\"bol de riz 009\" src=\"http:\/\/www.ecole-saintemarie.com\/wp-content\/uploads\/2014\/04\/bol-de-riz-009-300x225.jpg\" width=\"300\" height=\"225\" srcset=\"http:\/\/www.ecole-saintemarie.com\/wp-content\/uploads\/2014\/04\/bol-de-riz-009-300x225.jpg 300w, http:\/\/www.ecole-saintemarie.com\/wp-content\/uploads\/2014\/04\/bol-de-riz-009-1024x768.jpg 1024w\" sizes=\"(max-width: 300px) 100vw, 300px\" \/><\/a><\/p>\n<p><a href=\"http:\/\/www.ecole-saintemarie.com\/wp-content\/uploads\/2014\/04\/bol-de-riz-008.jpg\"><img loading=\"lazy\" class=\"alignnone size-medium wp-image-1635\" alt=\"bol de riz 008\" src=\"http:\/\/www.ecole-saintemarie.com\/wp-content\/uploads\/2014\/04\/bol-de-riz-008-300x225.jpg\" width=\"300\" height=\"225\" srcset=\"http:\/\/www.ecole-saintemarie.com\/wp-content\/uploads\/2014\/04\/bol-de-riz-008-300x225.jpg 300w, http:\/\/www.ecole-saintemarie.com\/wp-content\/uploads\/2014\/04\/bol-de-riz-008-1024x768.jpg 1024w\" sizes=\"(max-width: 300px) 100vw, 300px\" \/><\/a><br \/>\nLe b\u00e9n\u00e9fice de cette action servira \u00e0 aider une \u00e9cole avec l&rsquo;association Enfants du M\u00e9kong.<br \/>\nMme Brochard, repr\u00e9sentante de cette association, est venue pr\u00e9senter une vid\u00e9o de ce qui se vit l\u00e0-bas, et de l&rsquo;importance de la solidarit\u00e9 pour permettre \u00e0 tous les enfants d&rsquo;aller \u00e0 l&rsquo;\u00e9cole.<\/p>\n<p><a href=\"http:\/\/www.ecole-saintemarie.com\/wp-content\/uploads\/2014\/04\/bol-de-riz-003.jpg\"><img loading=\"lazy\" class=\"alignnone size-medium wp-image-1633\" alt=\"bol de riz 003\" src=\"http:\/\/www.ecole-saintemarie.com\/wp-content\/uploads\/2014\/04\/bol-de-riz-003-300x225.jpg\" width=\"300\" height=\"225\" srcset=\"http:\/\/www.ecole-saintemarie.com\/wp-content\/uploads\/2014\/04\/bol-de-riz-003-300x225.jpg 300w, http:\/\/www.ecole-saintemarie.com\/wp-content\/uploads\/2014\/04\/bol-de-riz-003-1024x768.jpg 1024w\" sizes=\"(max-width: 300px) 100vw, 300px\" \/><\/a> <a href=\"http:\/\/www.ecole-saintemarie.com\/wp-content\/uploads\/2014\/04\/bol-de-riz-004.jpg\"><img loading=\"lazy\" class=\"alignnone size-medium wp-image-1634\" alt=\"bol de riz 004\" src=\"http:\/\/www.ecole-saintemarie.com\/wp-content\/uploads\/2014\/04\/bol-de-riz-004-300x225.jpg\" width=\"300\" height=\"225\" srcset=\"http:\/\/www.ecole-saintemarie.com\/wp-content\/uploads\/2014\/04\/bol-de-riz-004-300x225.jpg 300w, http:\/\/www.ecole-saintemarie.com\/wp-content\/uploads\/2014\/04\/bol-de-riz-004-1024x768.jpg 1024w\" sizes=\"(max-width: 300px) 100vw, 300px\" \/><\/a><\/p>\n<p><a href=\"http:\/\/www.ecole-saintemarie.com\/wp-content\/uploads\/2014\/04\/bol-de-riz-010.jpg\"><img loading=\"lazy\" class=\"alignnone size-medium wp-image-1637\" alt=\"bol de riz 010\" src=\"http:\/\/www.ecole-saintemarie.com\/wp-content\/uploads\/2014\/04\/bol-de-riz-010-300x225.jpg\" width=\"300\" height=\"225\" srcset=\"http:\/\/www.ecole-saintemarie.com\/wp-content\/uploads\/2014\/04\/bol-de-riz-010-300x225.jpg 300w, http:\/\/www.ecole-saintemarie.com\/wp-content\/uploads\/2014\/04\/bol-de-riz-010-1024x768.jpg 1024w\" sizes=\"(max-width: 300px) 100vw, 300px\" \/><\/a><\/p>\n","protected":false},"excerpt":{"rendered":"<p>Les enfants de la maternelle et du primaire, ainsi que les adultes de l&rsquo;\u00e9cole se sont retrouv\u00e9s vendredi 18 avril dans le jardin de l&rsquo;\u00e9cole pour partager un bol de riz. Le b\u00e9n\u00e9fice de cette action servira \u00e0 aider une \u00e9cole avec l&rsquo;association Enfants du M\u00e9kong. Mme Brochard, repr\u00e9sentante de cette association, est venue pr\u00e9senter &hellip; <\/p>\n<p><a class=\"more-link btn\" href=\"http:\/\/www.ecole-saintemarie.com\/?p=1651\">Lire la suite<\/a><\/p>\n","protected":false},"author":2,"featured_media":1637,"comment_status":"closed","ping_status":"open","sticky":false,"template":"","format":"standard","meta":[],"categories":[1],"tags":[],"_links":{"self":[{"href":"http:\/\/www.ecole-saintemarie.com\/index.php?rest_route=\/wp\/v2\/posts\/1651"}],"collection":[{"href":"http:\/\/www.ecole-saintemarie.com\/index.php?rest_route=\/wp\/v2\/posts"}],"about":[{"href":"http:\/\/www.ecole-saintemarie.com\/index.php?rest_route=\/wp\/v2\/types\/post"}],"author":[{"embeddable":true,"href":"http:\/\/www.ecole-saintemarie.com\/index.php?rest_route=\/wp\/v2\/users\/2"}],"replies":[{"embeddable":true,"href":"http:\/\/www.ecole-saintemarie.com\/index.php?rest_route=%2Fwp%2Fv2%2Fcomments&post=1651"}],"version-history":[{"count":1,"href":"http:\/\/www.ecole-saintemarie.com\/index.php?rest_route=\/wp\/v2\/posts\/1651\/revisions"}],"predecessor-version":[{"id":1652,"href":"http:\/\/www.ecole-saintemarie.com\/index.php?rest_route=\/wp\/v2\/posts\/1651\/revisions\/1652"}],"wp:featuredmedia":[{"embeddable":true,"href":"http:\/\/www.ecole-saintemarie.com\/index.php?rest_route=\/wp\/v2\/media\/1637"}],"wp:attachment":[{"href":"http:\/\/www.ecole-saintemarie.com\/index.php?rest_route=%2Fwp%2Fv2%2Fmedia&parent=1651"}],"wp:term":[{"taxonomy":"category","embeddable":true,"href":"http:\/\/www.ecole-saintemarie.com\/index.php?rest_route=%2Fwp%2Fv2%2Fcategories&post=1651"},{"taxonomy":"post_tag","embeddable":true,"href":"http:\/\/www.ecole-saintemarie.com\/index.php?rest_route=%2Fwp%2Fv2%2Ftags&post=1651"}],"curies":[{"name":"wp","href":"https:\/\/api.w.org\/{rel}","templated":true}]}}