{"id":12944,"date":"2025-07-01T13:14:02","date_gmt":"2025-07-01T11:14:02","guid":{"rendered":"http:\/\/www.ecole-saintemarie.com\/?p=12944"},"modified":"2025-07-01T13:14:02","modified_gmt":"2025-07-01T11:14:02","slug":"celebration-de-fin-dannee","status":"publish","type":"post","link":"http:\/\/www.ecole-saintemarie.com\/?p=12944","title":{"rendered":"C\u00e9l\u00e9bration de fin d&rsquo;ann\u00e9e"},"content":{"rendered":"<p>Derni\u00e8re c\u00e9l\u00e9bration de l&rsquo;ann\u00e9e sous un soleil magnifique !<\/p>\n<p><a href=\"http:\/\/www.ecole-saintemarie.com\/wp-content\/uploads\/2025\/07\/celebration-de-fin-dannee-2-scaled.jpg\"><img loading=\"lazy\" class=\"alignnone size-medium wp-image-12918\" src=\"http:\/\/www.ecole-saintemarie.com\/wp-content\/uploads\/2025\/07\/celebration-de-fin-dannee-2-300x225.jpg\" alt=\"\" width=\"300\" height=\"225\" srcset=\"http:\/\/www.ecole-saintemarie.com\/wp-content\/uploads\/2025\/07\/celebration-de-fin-dannee-2-300x225.jpg 300w, http:\/\/www.ecole-saintemarie.com\/wp-content\/uploads\/2025\/07\/celebration-de-fin-dannee-2-1024x768.jpg 1024w, http:\/\/www.ecole-saintemarie.com\/wp-content\/uploads\/2025\/07\/celebration-de-fin-dannee-2-768x576.jpg 768w, http:\/\/www.ecole-saintemarie.com\/wp-content\/uploads\/2025\/07\/celebration-de-fin-dannee-2-1536x1152.jpg 1536w, http:\/\/www.ecole-saintemarie.com\/wp-content\/uploads\/2025\/07\/celebration-de-fin-dannee-2-2048x1536.jpg 2048w\" sizes=\"(max-width: 300px) 100vw, 300px\" \/><\/a><\/p>\n<p>Blandine et le P\u00e8re Cyril sont avec nous ce mardi 1er juillet dans la cour des maternelles.<br \/>\nToutes les classes pr\u00e9sentent les progr\u00e8s qui ont \u00e9t\u00e9 observ\u00e9s cette ann\u00e9e&#8230;<\/p>\n<p>C&rsquo;est certain : les petits h\u00e9ros sont devenus grands !!!<\/p>\n<p><a href=\"http:\/\/www.ecole-saintemarie.com\/wp-content\/uploads\/2025\/07\/celebration-de-fin-dannee-6-scaled.jpg\"><img loading=\"lazy\" class=\"alignnone size-medium wp-image-12926\" src=\"http:\/\/www.ecole-saintemarie.com\/wp-content\/uploads\/2025\/07\/celebration-de-fin-dannee-6-300x225.jpg\" alt=\"\" width=\"300\" height=\"225\" srcset=\"http:\/\/www.ecole-saintemarie.com\/wp-content\/uploads\/2025\/07\/celebration-de-fin-dannee-6-300x225.jpg 300w, http:\/\/www.ecole-saintemarie.com\/wp-content\/uploads\/2025\/07\/celebration-de-fin-dannee-6-1024x768.jpg 1024w, http:\/\/www.ecole-saintemarie.com\/wp-content\/uploads\/2025\/07\/celebration-de-fin-dannee-6-768x576.jpg 768w, http:\/\/www.ecole-saintemarie.com\/wp-content\/uploads\/2025\/07\/celebration-de-fin-dannee-6-1536x1152.jpg 1536w, http:\/\/www.ecole-saintemarie.com\/wp-content\/uploads\/2025\/07\/celebration-de-fin-dannee-6-2048x1536.jpg 2048w\" sizes=\"(max-width: 300px) 100vw, 300px\" \/><\/a> <a href=\"http:\/\/www.ecole-saintemarie.com\/wp-content\/uploads\/2025\/07\/celebration-de-fin-dannee-7-scaled.jpg\"><img loading=\"lazy\" class=\"alignnone size-medium wp-image-12928\" src=\"http:\/\/www.ecole-saintemarie.com\/wp-content\/uploads\/2025\/07\/celebration-de-fin-dannee-7-225x300.jpg\" alt=\"\" width=\"225\" height=\"300\" srcset=\"http:\/\/www.ecole-saintemarie.com\/wp-content\/uploads\/2025\/07\/celebration-de-fin-dannee-7-225x300.jpg 225w, http:\/\/www.ecole-saintemarie.com\/wp-content\/uploads\/2025\/07\/celebration-de-fin-dannee-7-768x1024.jpg 768w, http:\/\/www.ecole-saintemarie.com\/wp-content\/uploads\/2025\/07\/celebration-de-fin-dannee-7-1152x1536.jpg 1152w, http:\/\/www.ecole-saintemarie.com\/wp-content\/uploads\/2025\/07\/celebration-de-fin-dannee-7-1536x2048.jpg 1536w, http:\/\/www.ecole-saintemarie.com\/wp-content\/uploads\/2025\/07\/celebration-de-fin-dannee-7-scaled.jpg 1920w\" sizes=\"(max-width: 225px) 100vw, 225px\" \/><\/a> <a href=\"http:\/\/www.ecole-saintemarie.com\/wp-content\/uploads\/2025\/07\/celebration-de-fin-dannee-4-scaled.jpg\"><img loading=\"lazy\" class=\"alignnone size-medium wp-image-12922\" src=\"http:\/\/www.ecole-saintemarie.com\/wp-content\/uploads\/2025\/07\/celebration-de-fin-dannee-4-225x300.jpg\" alt=\"\" width=\"225\" height=\"300\" srcset=\"http:\/\/www.ecole-saintemarie.com\/wp-content\/uploads\/2025\/07\/celebration-de-fin-dannee-4-225x300.jpg 225w, http:\/\/www.ecole-saintemarie.com\/wp-content\/uploads\/2025\/07\/celebration-de-fin-dannee-4-768x1024.jpg 768w, http:\/\/www.ecole-saintemarie.com\/wp-content\/uploads\/2025\/07\/celebration-de-fin-dannee-4-1152x1536.jpg 1152w, http:\/\/www.ecole-saintemarie.com\/wp-content\/uploads\/2025\/07\/celebration-de-fin-dannee-4-1536x2048.jpg 1536w, http:\/\/www.ecole-saintemarie.com\/wp-content\/uploads\/2025\/07\/celebration-de-fin-dannee-4-scaled.jpg 1920w\" sizes=\"(max-width: 225px) 100vw, 225px\" \/><\/a> <a href=\"http:\/\/www.ecole-saintemarie.com\/wp-content\/uploads\/2025\/07\/celebration-de-fin-dannee-3-scaled.jpg\"><img loading=\"lazy\" class=\"alignnone size-medium wp-image-12920\" src=\"http:\/\/www.ecole-saintemarie.com\/wp-content\/uploads\/2025\/07\/celebration-de-fin-dannee-3-300x225.jpg\" alt=\"\" width=\"300\" height=\"225\" srcset=\"http:\/\/www.ecole-saintemarie.com\/wp-content\/uploads\/2025\/07\/celebration-de-fin-dannee-3-300x225.jpg 300w, http:\/\/www.ecole-saintemarie.com\/wp-content\/uploads\/2025\/07\/celebration-de-fin-dannee-3-1024x768.jpg 1024w, http:\/\/www.ecole-saintemarie.com\/wp-content\/uploads\/2025\/07\/celebration-de-fin-dannee-3-768x576.jpg 768w, http:\/\/www.ecole-saintemarie.com\/wp-content\/uploads\/2025\/07\/celebration-de-fin-dannee-3-1536x1152.jpg 1536w, http:\/\/www.ecole-saintemarie.com\/wp-content\/uploads\/2025\/07\/celebration-de-fin-dannee-3-2048x1536.jpg 2048w\" sizes=\"(max-width: 300px) 100vw, 300px\" \/><\/a><\/p>\n<p>Pour symboliser cette vie qui grandit en nous, nous plantons un arbuste (cordyline) dans le jardin de l&rsquo;\u00e9cole. les petits seaux de terreau passent de main en main jusqu&rsquo;au trou pr\u00e9par\u00e9 pour l&rsquo;arbre.<\/p>\n<p>Une bonne dose d&rsquo;arrosage, et maintenant \u00e0 nous d&rsquo;en prendre soin pour le voir grandir pendant de nombreuses ann\u00e9es !<\/p>\n<p><a href=\"http:\/\/www.ecole-saintemarie.com\/wp-content\/uploads\/2025\/07\/celebration-de-fin-dannee-15.jpg\"><img loading=\"lazy\" class=\"alignnone size-medium wp-image-12943\" src=\"http:\/\/www.ecole-saintemarie.com\/wp-content\/uploads\/2025\/07\/celebration-de-fin-dannee-15-300x138.jpg\" alt=\"\" width=\"300\" height=\"138\" srcset=\"http:\/\/www.ecole-saintemarie.com\/wp-content\/uploads\/2025\/07\/celebration-de-fin-dannee-15-300x138.jpg 300w, http:\/\/www.ecole-saintemarie.com\/wp-content\/uploads\/2025\/07\/celebration-de-fin-dannee-15-1024x472.jpg 1024w, http:\/\/www.ecole-saintemarie.com\/wp-content\/uploads\/2025\/07\/celebration-de-fin-dannee-15-768x354.jpg 768w, http:\/\/www.ecole-saintemarie.com\/wp-content\/uploads\/2025\/07\/celebration-de-fin-dannee-15-1536x708.jpg 1536w, http:\/\/www.ecole-saintemarie.com\/wp-content\/uploads\/2025\/07\/celebration-de-fin-dannee-15.jpg 2000w\" sizes=\"(max-width: 300px) 100vw, 300px\" \/><\/a> <a href=\"http:\/\/www.ecole-saintemarie.com\/wp-content\/uploads\/2025\/07\/celebration-de-fin-dannee-12-scaled.jpg\"><img loading=\"lazy\" class=\"alignnone size-medium wp-image-12938\" src=\"http:\/\/www.ecole-saintemarie.com\/wp-content\/uploads\/2025\/07\/celebration-de-fin-dannee-12-225x300.jpg\" alt=\"\" width=\"225\" height=\"300\" srcset=\"http:\/\/www.ecole-saintemarie.com\/wp-content\/uploads\/2025\/07\/celebration-de-fin-dannee-12-225x300.jpg 225w, http:\/\/www.ecole-saintemarie.com\/wp-content\/uploads\/2025\/07\/celebration-de-fin-dannee-12-768x1024.jpg 768w, http:\/\/www.ecole-saintemarie.com\/wp-content\/uploads\/2025\/07\/celebration-de-fin-dannee-12-1152x1536.jpg 1152w, http:\/\/www.ecole-saintemarie.com\/wp-content\/uploads\/2025\/07\/celebration-de-fin-dannee-12-1536x2048.jpg 1536w, http:\/\/www.ecole-saintemarie.com\/wp-content\/uploads\/2025\/07\/celebration-de-fin-dannee-12-scaled.jpg 1920w\" sizes=\"(max-width: 225px) 100vw, 225px\" \/><\/a> <a href=\"http:\/\/www.ecole-saintemarie.com\/wp-content\/uploads\/2025\/07\/celebration-de-fin-dannee-10-scaled.jpg\"><img loading=\"lazy\" class=\"alignnone size-medium wp-image-12934\" src=\"http:\/\/www.ecole-saintemarie.com\/wp-content\/uploads\/2025\/07\/celebration-de-fin-dannee-10-225x300.jpg\" alt=\"\" width=\"225\" height=\"300\" srcset=\"http:\/\/www.ecole-saintemarie.com\/wp-content\/uploads\/2025\/07\/celebration-de-fin-dannee-10-225x300.jpg 225w, http:\/\/www.ecole-saintemarie.com\/wp-content\/uploads\/2025\/07\/celebration-de-fin-dannee-10-768x1024.jpg 768w, http:\/\/www.ecole-saintemarie.com\/wp-content\/uploads\/2025\/07\/celebration-de-fin-dannee-10-1152x1536.jpg 1152w, http:\/\/www.ecole-saintemarie.com\/wp-content\/uploads\/2025\/07\/celebration-de-fin-dannee-10-1536x2048.jpg 1536w, http:\/\/www.ecole-saintemarie.com\/wp-content\/uploads\/2025\/07\/celebration-de-fin-dannee-10-scaled.jpg 1920w\" sizes=\"(max-width: 225px) 100vw, 225px\" \/><\/a> <a href=\"http:\/\/www.ecole-saintemarie.com\/wp-content\/uploads\/2025\/07\/celebration-de-fin-dannee-9-scaled.jpg\"><img loading=\"lazy\" class=\"alignnone size-medium wp-image-12932\" src=\"http:\/\/www.ecole-saintemarie.com\/wp-content\/uploads\/2025\/07\/celebration-de-fin-dannee-9-225x300.jpg\" alt=\"\" width=\"225\" height=\"300\" srcset=\"http:\/\/www.ecole-saintemarie.com\/wp-content\/uploads\/2025\/07\/celebration-de-fin-dannee-9-225x300.jpg 225w, http:\/\/www.ecole-saintemarie.com\/wp-content\/uploads\/2025\/07\/celebration-de-fin-dannee-9-768x1024.jpg 768w, http:\/\/www.ecole-saintemarie.com\/wp-content\/uploads\/2025\/07\/celebration-de-fin-dannee-9-1152x1536.jpg 1152w, http:\/\/www.ecole-saintemarie.com\/wp-content\/uploads\/2025\/07\/celebration-de-fin-dannee-9-1536x2048.jpg 1536w, http:\/\/www.ecole-saintemarie.com\/wp-content\/uploads\/2025\/07\/celebration-de-fin-dannee-9-scaled.jpg 1920w\" sizes=\"(max-width: 225px) 100vw, 225px\" \/><\/a> <a href=\"http:\/\/www.ecole-saintemarie.com\/wp-content\/uploads\/2025\/07\/celebration-de-fin-dannee-8-scaled.jpg\"><img loading=\"lazy\" class=\"alignnone size-medium wp-image-12930\" src=\"http:\/\/www.ecole-saintemarie.com\/wp-content\/uploads\/2025\/07\/celebration-de-fin-dannee-8-225x300.jpg\" alt=\"\" width=\"225\" height=\"300\" srcset=\"http:\/\/www.ecole-saintemarie.com\/wp-content\/uploads\/2025\/07\/celebration-de-fin-dannee-8-225x300.jpg 225w, http:\/\/www.ecole-saintemarie.com\/wp-content\/uploads\/2025\/07\/celebration-de-fin-dannee-8-768x1024.jpg 768w, http:\/\/www.ecole-saintemarie.com\/wp-content\/uploads\/2025\/07\/celebration-de-fin-dannee-8-1152x1536.jpg 1152w, http:\/\/www.ecole-saintemarie.com\/wp-content\/uploads\/2025\/07\/celebration-de-fin-dannee-8-1536x2048.jpg 1536w, http:\/\/www.ecole-saintemarie.com\/wp-content\/uploads\/2025\/07\/celebration-de-fin-dannee-8-scaled.jpg 1920w\" sizes=\"(max-width: 225px) 100vw, 225px\" \/><\/a> <a href=\"http:\/\/www.ecole-saintemarie.com\/wp-content\/uploads\/2025\/07\/celebration-de-fin-dannee-1.jpg\"><img loading=\"lazy\" class=\"alignnone size-medium wp-image-12916\" src=\"http:\/\/www.ecole-saintemarie.com\/wp-content\/uploads\/2025\/07\/celebration-de-fin-dannee-1-138x300.jpg\" alt=\"\" width=\"138\" height=\"300\" srcset=\"http:\/\/www.ecole-saintemarie.com\/wp-content\/uploads\/2025\/07\/celebration-de-fin-dannee-1-138x300.jpg 138w, http:\/\/www.ecole-saintemarie.com\/wp-content\/uploads\/2025\/07\/celebration-de-fin-dannee-1-472x1024.jpg 472w, http:\/\/www.ecole-saintemarie.com\/wp-content\/uploads\/2025\/07\/celebration-de-fin-dannee-1-768x1666.jpg 768w, http:\/\/www.ecole-saintemarie.com\/wp-content\/uploads\/2025\/07\/celebration-de-fin-dannee-1-708x1536.jpg 708w, http:\/\/www.ecole-saintemarie.com\/wp-content\/uploads\/2025\/07\/celebration-de-fin-dannee-1.jpg 922w\" sizes=\"(max-width: 138px) 100vw, 138px\" \/><\/a><\/p>\n<p>Et bien s\u00fbr nous chantons : \u00ab\u00a0Un arbre va grandir \/ Plant\u00e9 au c\u0153ur des hommes \/ Un arbre va surgir\/ Et r\u00e9veiller le monde \/ Un arbre va grandir \/ Et transformer le monde \/ Avec tous ceux qui s\u00e8ment (s\u2019aiment) \/ On le verra fleurir\u00a0\u00bb<\/p>\n","protected":false},"excerpt":{"rendered":"<p>Derni\u00e8re c\u00e9l\u00e9bration de l&rsquo;ann\u00e9e sous un soleil magnifique ! Blandine et le P\u00e8re Cyril sont avec nous ce mardi 1er juillet dans la cour des maternelles. Toutes les classes pr\u00e9sentent les progr\u00e8s qui ont \u00e9t\u00e9 observ\u00e9s cette ann\u00e9e&#8230; C&rsquo;est certain : les petits h\u00e9ros sont devenus grands !!! Pour symboliser cette vie qui grandit en &hellip; <\/p>\n<p><a class=\"more-link btn\" href=\"http:\/\/www.ecole-saintemarie.com\/?p=12944\">Lire la suite<\/a><\/p>\n","protected":false},"author":2,"featured_media":12938,"comment_status":"closed","ping_status":"closed","sticky":false,"template":"","format":"standard","meta":[],"categories":[33,29,31,1,32,34],"tags":[],"_links":{"self":[{"href":"http:\/\/www.ecole-saintemarie.com\/index.php?rest_route=\/wp\/v2\/posts\/12944"}],"collection":[{"href":"http:\/\/www.ecole-saintemarie.com\/index.php?rest_route=\/wp\/v2\/posts"}],"about":[{"href":"http:\/\/www.ecole-saintemarie.com\/index.php?rest_route=\/wp\/v2\/types\/post"}],"author":[{"embeddable":true,"href":"http:\/\/www.ecole-saintemarie.com\/index.php?rest_route=\/wp\/v2\/users\/2"}],"replies":[{"embeddable":true,"href":"http:\/\/www.ecole-saintemarie.com\/index.php?rest_route=%2Fwp%2Fv2%2Fcomments&post=12944"}],"version-history":[{"count":1,"href":"http:\/\/www.ecole-saintemarie.com\/index.php?rest_route=\/wp\/v2\/posts\/12944\/revisions"}],"predecessor-version":[{"id":12945,"href":"http:\/\/www.ecole-saintemarie.com\/index.php?rest_route=\/wp\/v2\/posts\/12944\/revisions\/12945"}],"wp:featuredmedia":[{"embeddable":true,"href":"http:\/\/www.ecole-saintemarie.com\/index.php?rest_route=\/wp\/v2\/media\/12938"}],"wp:attachment":[{"href":"http:\/\/www.ecole-saintemarie.com\/index.php?rest_route=%2Fwp%2Fv2%2Fmedia&parent=12944"}],"wp:term":[{"taxonomy":"category","embeddable":true,"href":"http:\/\/www.ecole-saintemarie.com\/index.php?rest_route=%2Fwp%2Fv2%2Fcategories&post=12944"},{"taxonomy":"post_tag","embeddable":true,"href":"http:\/\/www.ecole-saintemarie.com\/index.php?rest_route=%2Fwp%2Fv2%2Ftags&post=12944"}],"curies":[{"name":"wp","href":"https:\/\/api.w.org\/{rel}","templated":true}]}}