{"id":12801,"date":"2025-06-20T20:40:17","date_gmt":"2025-06-20T18:40:17","guid":{"rendered":"http:\/\/www.ecole-saintemarie.com\/?p=12801"},"modified":"2025-06-26T08:58:11","modified_gmt":"2025-06-26T06:58:11","slug":"une-journee-dintegration-reussie-au-college-nos-cm2-prets-pour-la-nouvelle-aventure","status":"publish","type":"post","link":"http:\/\/www.ecole-saintemarie.com\/?p=12801","title":{"rendered":"Une journ\u00e9e d\u2019int\u00e9gration r\u00e9ussie au Coll\u00e8ge : nos CM2 pr\u00eats pour la nouvelle aventure !"},"content":{"rendered":"<p>Ce jeudi matin, l\u2019excitation \u00e9tait palpable devant les grilles du coll\u00e8ge Ma\u00eetrise Notre Dame de Douvres.<\/p>\n<p>\u00c0 9h00 pr\u00e9cises, nos \u00e9l\u00e8ves de CM2, certains arriv\u00e9s \u00e0 v\u00e9lo depuis Luc accompagn\u00e9s de leur professeur, se<a href=\"http:\/\/www.ecole-saintemarie.com\/wp-content\/uploads\/2025\/06\/WhatsApp-Image-2025-06-13-a-11.02.16_e9955b12.jpg\"><img loading=\"lazy\" class=\"wp-image-12806 alignright\" src=\"http:\/\/www.ecole-saintemarie.com\/wp-content\/uploads\/2025\/06\/WhatsApp-Image-2025-06-13-a-11.02.16_e9955b12-300x138.jpg\" alt=\"\" width=\"253\" height=\"116\" srcset=\"http:\/\/www.ecole-saintemarie.com\/wp-content\/uploads\/2025\/06\/WhatsApp-Image-2025-06-13-a-11.02.16_e9955b12-300x138.jpg 300w, http:\/\/www.ecole-saintemarie.com\/wp-content\/uploads\/2025\/06\/WhatsApp-Image-2025-06-13-a-11.02.16_e9955b12-1024x472.jpg 1024w, http:\/\/www.ecole-saintemarie.com\/wp-content\/uploads\/2025\/06\/WhatsApp-Image-2025-06-13-a-11.02.16_e9955b12-768x354.jpg 768w, http:\/\/www.ecole-saintemarie.com\/wp-content\/uploads\/2025\/06\/WhatsApp-Image-2025-06-13-a-11.02.16_e9955b12-1536x708.jpg 1536w, http:\/\/www.ecole-saintemarie.com\/wp-content\/uploads\/2025\/06\/WhatsApp-Image-2025-06-13-a-11.02.16_e9955b12.jpg 2000w\" sizes=\"(max-width: 253px) 100vw, 253px\" \/><\/a> sont retrouv\u00e9s pour une journ\u00e9e pas comme les autres : leur premi\u00e8re immersion dans la vie de coll\u00e9gien.<\/p>\n<p>&nbsp;<\/p>\n<p>&nbsp;<\/p>\n<p><a href=\"http:\/\/www.ecole-saintemarie.com\/wp-content\/uploads\/2025\/06\/WhatsApp-Image-2025-06-13-a-11.01.33_b7bb626a.jpg\"><img loading=\"lazy\" class=\"size-medium wp-image-12803 alignleft\" src=\"http:\/\/www.ecole-saintemarie.com\/wp-content\/uploads\/2025\/06\/WhatsApp-Image-2025-06-13-a-11.01.33_b7bb626a-300x138.jpg\" alt=\"\" width=\"300\" height=\"138\" srcset=\"http:\/\/www.ecole-saintemarie.com\/wp-content\/uploads\/2025\/06\/WhatsApp-Image-2025-06-13-a-11.01.33_b7bb626a-300x138.jpg 300w, http:\/\/www.ecole-saintemarie.com\/wp-content\/uploads\/2025\/06\/WhatsApp-Image-2025-06-13-a-11.01.33_b7bb626a-1024x472.jpg 1024w, http:\/\/www.ecole-saintemarie.com\/wp-content\/uploads\/2025\/06\/WhatsApp-Image-2025-06-13-a-11.01.33_b7bb626a-768x354.jpg 768w, http:\/\/www.ecole-saintemarie.com\/wp-content\/uploads\/2025\/06\/WhatsApp-Image-2025-06-13-a-11.01.33_b7bb626a-1536x708.jpg 1536w, http:\/\/www.ecole-saintemarie.com\/wp-content\/uploads\/2025\/06\/WhatsApp-Image-2025-06-13-a-11.01.33_b7bb626a.jpg 2000w\" sizes=\"(max-width: 300px) 100vw, 300px\" \/><\/a>L\u2019accueil chaleureux de Monsieur Porquet, le CPE du coll\u00e8ge, a imm\u00e9diatement mis tout le monde \u00e0 l\u2019aise. Apr\u00e8s une br\u00e8ve pr\u00e9sentation, les \u00e9l\u00e8ves ont \u00e9t\u00e9 r\u00e9partis en petits groupes, guid\u00e9s par des coll\u00e9giens de sixi\u00e8me.<\/p>\n<p>&nbsp;<\/p>\n<p>&nbsp;<\/p>\n<p>La visite du CDI, ponctu\u00e9e d\u2019activit\u00e9s ludiques, a rencontr\u00e9 un franc succ\u00e8s : les \u00e9l\u00e8ves ont d\u00e9couvert un espace moderne, propice \u00e0 la lecture et \u00e0 la curiosit\u00e9.<\/p>\n<p><a href=\"http:\/\/www.ecole-saintemarie.com\/wp-content\/uploads\/2025\/06\/WhatsApp-Image-2025-06-13-a-15.01.25_23ef31e6.jpg\"><img loading=\"lazy\" class=\"alignnone wp-image-12812\" src=\"http:\/\/www.ecole-saintemarie.com\/wp-content\/uploads\/2025\/06\/WhatsApp-Image-2025-06-13-a-15.01.25_23ef31e6-300x138.jpg\" alt=\"\" width=\"363\" height=\"167\" srcset=\"http:\/\/www.ecole-saintemarie.com\/wp-content\/uploads\/2025\/06\/WhatsApp-Image-2025-06-13-a-15.01.25_23ef31e6-300x138.jpg 300w, http:\/\/www.ecole-saintemarie.com\/wp-content\/uploads\/2025\/06\/WhatsApp-Image-2025-06-13-a-15.01.25_23ef31e6-1024x472.jpg 1024w, http:\/\/www.ecole-saintemarie.com\/wp-content\/uploads\/2025\/06\/WhatsApp-Image-2025-06-13-a-15.01.25_23ef31e6-768x354.jpg 768w, http:\/\/www.ecole-saintemarie.com\/wp-content\/uploads\/2025\/06\/WhatsApp-Image-2025-06-13-a-15.01.25_23ef31e6-1536x708.jpg 1536w, http:\/\/www.ecole-saintemarie.com\/wp-content\/uploads\/2025\/06\/WhatsApp-Image-2025-06-13-a-15.01.25_23ef31e6.jpg 1600w\" sizes=\"(max-width: 363px) 100vw, 363px\" \/><\/a> <a href=\"http:\/\/www.ecole-saintemarie.com\/wp-content\/uploads\/2025\/06\/WhatsApp-Image-2025-06-13-a-15.01.24_6062327e.jpg\"><img loading=\"lazy\" class=\"alignnone wp-image-12811 size-medium\" src=\"http:\/\/www.ecole-saintemarie.com\/wp-content\/uploads\/2025\/06\/WhatsApp-Image-2025-06-13-a-15.01.24_6062327e-e1750444640618-196x300.jpg\" alt=\"\" width=\"196\" height=\"300\" srcset=\"http:\/\/www.ecole-saintemarie.com\/wp-content\/uploads\/2025\/06\/WhatsApp-Image-2025-06-13-a-15.01.24_6062327e-e1750444640618-196x300.jpg 196w, http:\/\/www.ecole-saintemarie.com\/wp-content\/uploads\/2025\/06\/WhatsApp-Image-2025-06-13-a-15.01.24_6062327e-e1750444640618-668x1024.jpg 668w, http:\/\/www.ecole-saintemarie.com\/wp-content\/uploads\/2025\/06\/WhatsApp-Image-2025-06-13-a-15.01.24_6062327e-e1750444640618.jpg 736w\" sizes=\"(max-width: 196px) 100vw, 196px\" \/><\/a><\/p>\n<p>La matin\u00e9e s\u2019est poursuivie avec des ateliers d\u2019histoire-g\u00e9ographie et d\u2019arts visuels, offrant \u00e0 chacun la possibilit\u00e9 de s\u2019exprimer et de s\u2019ouvrir \u00e0 de nouvelles mati\u00e8res.<\/p>\n<p><a href=\"http:\/\/www.ecole-saintemarie.com\/wp-content\/uploads\/2025\/06\/WhatsApp-Image-2025-06-13-a-15.01.24_1a7ab383.jpg\"><img loading=\"lazy\" class=\"alignnone size-medium wp-image-12810\" src=\"http:\/\/www.ecole-saintemarie.com\/wp-content\/uploads\/2025\/06\/WhatsApp-Image-2025-06-13-a-15.01.24_1a7ab383-300x138.jpg\" alt=\"\" width=\"300\" height=\"138\" srcset=\"http:\/\/www.ecole-saintemarie.com\/wp-content\/uploads\/2025\/06\/WhatsApp-Image-2025-06-13-a-15.01.24_1a7ab383-300x138.jpg 300w, http:\/\/www.ecole-saintemarie.com\/wp-content\/uploads\/2025\/06\/WhatsApp-Image-2025-06-13-a-15.01.24_1a7ab383-1024x472.jpg 1024w, http:\/\/www.ecole-saintemarie.com\/wp-content\/uploads\/2025\/06\/WhatsApp-Image-2025-06-13-a-15.01.24_1a7ab383-768x354.jpg 768w, http:\/\/www.ecole-saintemarie.com\/wp-content\/uploads\/2025\/06\/WhatsApp-Image-2025-06-13-a-15.01.24_1a7ab383-1536x708.jpg 1536w, http:\/\/www.ecole-saintemarie.com\/wp-content\/uploads\/2025\/06\/WhatsApp-Image-2025-06-13-a-15.01.24_1a7ab383.jpg 1600w\" sizes=\"(max-width: 300px) 100vw, 300px\" \/><\/a><\/p>\n<p>Puis, moment tr\u00e8s attendu : le repas au self ! Se servir soi-m\u00eame, choisir son menu, partager ce moment convivial avec les futurs camarades\u2026 \u00ab On se sent grands de se servir tout seul et il y a le choix ! \u00bb ont confi\u00e9 plusieurs \u00e9l\u00e8ves, fiers et ravis de cette autonomie nouvelle.<\/p>\n<p><a href=\"http:\/\/www.ecole-saintemarie.com\/wp-content\/uploads\/2025\/06\/WhatsApp-Image-2025-06-13-a-15.01.23_ecf9f2ba.jpg\"><img loading=\"lazy\" class=\"alignnone size-medium wp-image-12809\" src=\"http:\/\/www.ecole-saintemarie.com\/wp-content\/uploads\/2025\/06\/WhatsApp-Image-2025-06-13-a-15.01.23_ecf9f2ba-300x138.jpg\" alt=\"\" width=\"300\" height=\"138\" srcset=\"http:\/\/www.ecole-saintemarie.com\/wp-content\/uploads\/2025\/06\/WhatsApp-Image-2025-06-13-a-15.01.23_ecf9f2ba-300x138.jpg 300w, http:\/\/www.ecole-saintemarie.com\/wp-content\/uploads\/2025\/06\/WhatsApp-Image-2025-06-13-a-15.01.23_ecf9f2ba-1024x472.jpg 1024w, http:\/\/www.ecole-saintemarie.com\/wp-content\/uploads\/2025\/06\/WhatsApp-Image-2025-06-13-a-15.01.23_ecf9f2ba-768x354.jpg 768w, http:\/\/www.ecole-saintemarie.com\/wp-content\/uploads\/2025\/06\/WhatsApp-Image-2025-06-13-a-15.01.23_ecf9f2ba-1536x708.jpg 1536w, http:\/\/www.ecole-saintemarie.com\/wp-content\/uploads\/2025\/06\/WhatsApp-Image-2025-06-13-a-15.01.23_ecf9f2ba.jpg 1600w\" sizes=\"(max-width: 300px) 100vw, 300px\" \/><\/a> <a href=\"http:\/\/www.ecole-saintemarie.com\/wp-content\/uploads\/2025\/06\/WhatsApp-Image-2025-06-13-a-15.01.18_744c817d.jpg\"><img loading=\"lazy\" class=\"alignnone size-medium wp-image-12808\" src=\"http:\/\/www.ecole-saintemarie.com\/wp-content\/uploads\/2025\/06\/WhatsApp-Image-2025-06-13-a-15.01.18_744c817d-300x138.jpg\" alt=\"\" width=\"300\" height=\"138\" srcset=\"http:\/\/www.ecole-saintemarie.com\/wp-content\/uploads\/2025\/06\/WhatsApp-Image-2025-06-13-a-15.01.18_744c817d-300x138.jpg 300w, http:\/\/www.ecole-saintemarie.com\/wp-content\/uploads\/2025\/06\/WhatsApp-Image-2025-06-13-a-15.01.18_744c817d-1024x472.jpg 1024w, http:\/\/www.ecole-saintemarie.com\/wp-content\/uploads\/2025\/06\/WhatsApp-Image-2025-06-13-a-15.01.18_744c817d-768x354.jpg 768w, http:\/\/www.ecole-saintemarie.com\/wp-content\/uploads\/2025\/06\/WhatsApp-Image-2025-06-13-a-15.01.18_744c817d-1536x708.jpg 1536w, http:\/\/www.ecole-saintemarie.com\/wp-content\/uploads\/2025\/06\/WhatsApp-Image-2025-06-13-a-15.01.18_744c817d.jpg 1600w\" sizes=\"(max-width: 300px) 100vw, 300px\" \/><\/a> <a href=\"http:\/\/www.ecole-saintemarie.com\/wp-content\/uploads\/2025\/06\/WhatsApp-Image-2025-06-13-a-15.01.12_71ea8906.jpg\"><img loading=\"lazy\" class=\"alignnone size-medium wp-image-12807\" src=\"http:\/\/www.ecole-saintemarie.com\/wp-content\/uploads\/2025\/06\/WhatsApp-Image-2025-06-13-a-15.01.12_71ea8906-300x138.jpg\" alt=\"\" width=\"300\" height=\"138\" srcset=\"http:\/\/www.ecole-saintemarie.com\/wp-content\/uploads\/2025\/06\/WhatsApp-Image-2025-06-13-a-15.01.12_71ea8906-300x138.jpg 300w, http:\/\/www.ecole-saintemarie.com\/wp-content\/uploads\/2025\/06\/WhatsApp-Image-2025-06-13-a-15.01.12_71ea8906-1024x472.jpg 1024w, http:\/\/www.ecole-saintemarie.com\/wp-content\/uploads\/2025\/06\/WhatsApp-Image-2025-06-13-a-15.01.12_71ea8906-768x354.jpg 768w, http:\/\/www.ecole-saintemarie.com\/wp-content\/uploads\/2025\/06\/WhatsApp-Image-2025-06-13-a-15.01.12_71ea8906-1536x708.jpg 1536w, http:\/\/www.ecole-saintemarie.com\/wp-content\/uploads\/2025\/06\/WhatsApp-Image-2025-06-13-a-15.01.12_71ea8906.jpg 1600w\" sizes=\"(max-width: 300px) 100vw, 300px\" \/><\/a><\/p>\n<p>L\u2019apr\u00e8s-midi a d\u00e9but\u00e9 par une s\u00e9ance de sport, o\u00f9 l\u2019\u00e9nergie et la bonne humeur \u00e9taient au rendez-vous. Un temps fort a ensuite marqu\u00e9 la journ\u00e9e : la chor\u00e9graphie tahitienne pr\u00e9sent\u00e9e par les \u00e9l\u00e8ves de troisi\u00e8me, sur le d\u00e9part vers le lyc\u00e9e. Un spectacle haut en couleurs, qui a impressionn\u00e9 et inspir\u00e9 nos futurs coll\u00e9giens.<\/p>\n<p>Les \u00e9l\u00e8ves ont ensuite particip\u00e9 \u00e0 des cours de fran\u00e7ais et de math\u00e9matiques, d\u00e9couvrant les m\u00e9thodes et l\u2019ambiance du coll\u00e8ge, avant de partager un go\u00fbter bien m\u00e9rit\u00e9. La journ\u00e9e s\u2019est conclue par un temps d\u2019\u00e9change et de questions sur la vie au coll\u00e8ge, permettant \u00e0 chacun d\u2019exprimer ses ressentis et de dissiper les derni\u00e8res inqui\u00e9tudes.<\/p>\n<p><a href=\"http:\/\/www.ecole-saintemarie.com\/wp-content\/uploads\/2025\/06\/WhatsApp-Image-2025-06-13-a-11.01.45_d5510e83.jpg\"><img loading=\"lazy\" class=\"alignnone size-medium wp-image-12804\" src=\"http:\/\/www.ecole-saintemarie.com\/wp-content\/uploads\/2025\/06\/WhatsApp-Image-2025-06-13-a-11.01.45_d5510e83-300x138.jpg\" alt=\"\" width=\"300\" height=\"138\" srcset=\"http:\/\/www.ecole-saintemarie.com\/wp-content\/uploads\/2025\/06\/WhatsApp-Image-2025-06-13-a-11.01.45_d5510e83-300x138.jpg 300w, http:\/\/www.ecole-saintemarie.com\/wp-content\/uploads\/2025\/06\/WhatsApp-Image-2025-06-13-a-11.01.45_d5510e83-1024x472.jpg 1024w, http:\/\/www.ecole-saintemarie.com\/wp-content\/uploads\/2025\/06\/WhatsApp-Image-2025-06-13-a-11.01.45_d5510e83-768x354.jpg 768w, http:\/\/www.ecole-saintemarie.com\/wp-content\/uploads\/2025\/06\/WhatsApp-Image-2025-06-13-a-11.01.45_d5510e83-1536x708.jpg 1536w, http:\/\/www.ecole-saintemarie.com\/wp-content\/uploads\/2025\/06\/WhatsApp-Image-2025-06-13-a-11.01.45_d5510e83.jpg 2000w\" sizes=\"(max-width: 300px) 100vw, 300px\" \/><\/a> <a href=\"http:\/\/www.ecole-saintemarie.com\/wp-content\/uploads\/2025\/06\/WhatsApp-Image-2025-06-13-a-11.02.16_d8c31a4e.jpg\"><img loading=\"lazy\" class=\"alignnone size-medium wp-image-12805\" src=\"http:\/\/www.ecole-saintemarie.com\/wp-content\/uploads\/2025\/06\/WhatsApp-Image-2025-06-13-a-11.02.16_d8c31a4e-300x138.jpg\" alt=\"\" width=\"300\" height=\"138\" srcset=\"http:\/\/www.ecole-saintemarie.com\/wp-content\/uploads\/2025\/06\/WhatsApp-Image-2025-06-13-a-11.02.16_d8c31a4e-300x138.jpg 300w, http:\/\/www.ecole-saintemarie.com\/wp-content\/uploads\/2025\/06\/WhatsApp-Image-2025-06-13-a-11.02.16_d8c31a4e-1024x472.jpg 1024w, http:\/\/www.ecole-saintemarie.com\/wp-content\/uploads\/2025\/06\/WhatsApp-Image-2025-06-13-a-11.02.16_d8c31a4e-768x354.jpg 768w, http:\/\/www.ecole-saintemarie.com\/wp-content\/uploads\/2025\/06\/WhatsApp-Image-2025-06-13-a-11.02.16_d8c31a4e-1536x708.jpg 1536w, http:\/\/www.ecole-saintemarie.com\/wp-content\/uploads\/2025\/06\/WhatsApp-Image-2025-06-13-a-11.02.16_d8c31a4e.jpg 2000w\" sizes=\"(max-width: 300px) 100vw, 300px\" \/><\/a><\/p>\n<p>Le bilan est unanime : l\u2019enthousiasme l\u2019emporte sur l\u2019appr\u00e9hension ! \u00ab Je me sens grand d\u2019un seul coup \u00bb, \u00ab le coll\u00e8ge, c\u2019est super \u00bb, \u00ab j\u2019ai moins peur, j\u2019ai h\u00e2te d\u2019y \u00eatre ! \u00bb\u2026 Autant de t\u00e9moignages qui montrent \u00e0 quel point cette journ\u00e9e d\u2019int\u00e9gration a \u00e9t\u00e9 b\u00e9n\u00e9fique et rassurante.<\/p>\n<p>Nos CM2 sont d\u00e9sormais impatients de franchir le cap et d\u2019entamer cette nouvelle \u00e9tape avec confiance et envie. Bravo \u00e0 eux pour leur curiosit\u00e9 et leur enthousiasme, et merci \u00e0 toute l\u2019\u00e9quipe du coll\u00e8ge pour leur accueil et leur bienveillance !<\/p>\n","protected":false},"excerpt":{"rendered":"<p>Ce jeudi matin, l\u2019excitation \u00e9tait palpable devant les grilles du coll\u00e8ge Ma\u00eetrise Notre Dame de Douvres. \u00c0 9h00 pr\u00e9cises, nos \u00e9l\u00e8ves de CM2, certains arriv\u00e9s \u00e0 v\u00e9lo depuis Luc accompagn\u00e9s de leur professeur, se sont retrouv\u00e9s pour une journ\u00e9e pas comme les autres : leur premi\u00e8re immersion dans la vie de coll\u00e9gien. &nbsp; &nbsp; L\u2019accueil &hellip; <\/p>\n<p><a class=\"more-link btn\" href=\"http:\/\/www.ecole-saintemarie.com\/?p=12801\">Lire la suite<\/a><\/p>\n","protected":false},"author":8,"featured_media":12807,"comment_status":"closed","ping_status":"closed","sticky":false,"template":"","format":"standard","meta":[],"categories":[29,50,52,1],"tags":[],"_links":{"self":[{"href":"http:\/\/www.ecole-saintemarie.com\/index.php?rest_route=\/wp\/v2\/posts\/12801"}],"collection":[{"href":"http:\/\/www.ecole-saintemarie.com\/index.php?rest_route=\/wp\/v2\/posts"}],"about":[{"href":"http:\/\/www.ecole-saintemarie.com\/index.php?rest_route=\/wp\/v2\/types\/post"}],"author":[{"embeddable":true,"href":"http:\/\/www.ecole-saintemarie.com\/index.php?rest_route=\/wp\/v2\/users\/8"}],"replies":[{"embeddable":true,"href":"http:\/\/www.ecole-saintemarie.com\/index.php?rest_route=%2Fwp%2Fv2%2Fcomments&post=12801"}],"version-history":[{"count":3,"href":"http:\/\/www.ecole-saintemarie.com\/index.php?rest_route=\/wp\/v2\/posts\/12801\/revisions"}],"predecessor-version":[{"id":12814,"href":"http:\/\/www.ecole-saintemarie.com\/index.php?rest_route=\/wp\/v2\/posts\/12801\/revisions\/12814"}],"wp:featuredmedia":[{"embeddable":true,"href":"http:\/\/www.ecole-saintemarie.com\/index.php?rest_route=\/wp\/v2\/media\/12807"}],"wp:attachment":[{"href":"http:\/\/www.ecole-saintemarie.com\/index.php?rest_route=%2Fwp%2Fv2%2Fmedia&parent=12801"}],"wp:term":[{"taxonomy":"category","embeddable":true,"href":"http:\/\/www.ecole-saintemarie.com\/index.php?rest_route=%2Fwp%2Fv2%2Fcategories&post=12801"},{"taxonomy":"post_tag","embeddable":true,"href":"http:\/\/www.ecole-saintemarie.com\/index.php?rest_route=%2Fwp%2Fv2%2Ftags&post=12801"}],"curies":[{"name":"wp","href":"https:\/\/api.w.org\/{rel}","templated":true}]}}