{"id":12678,"date":"2025-05-22T17:15:48","date_gmt":"2025-05-22T15:15:48","guid":{"rendered":"http:\/\/www.ecole-saintemarie.com\/?p=12678"},"modified":"2025-05-22T17:15:48","modified_gmt":"2025-05-22T15:15:48","slug":"ecole-et-cinema-en-maternelle","status":"publish","type":"post","link":"http:\/\/www.ecole-saintemarie.com\/?p=12678","title":{"rendered":"\u00c9COLE ET CIN\u00c9MA EN MATERNELLE"},"content":{"rendered":"<p>Derni\u00e8re s\u00e9ance de l\u2019ann\u00e9e ce vendredi 16 mai\u00a0!<\/p>\n<p>Tous les enfants de la maternelle assistent au Drakkar \u00e0 une s\u00e9ance de courts m\u00e9trages sur le th\u00e8me \u00ab\u00a0Jardins Enchant\u00e9s\u00a0\u00bb<\/p>\n<p><a href=\"http:\/\/www.ecole-saintemarie.com\/wp-content\/uploads\/2025\/05\/Affiche-JARDINS_ENCHANTES-scaled.jpg\"><img loading=\"lazy\" class=\"alignnone size-medium wp-image-12675\" src=\"http:\/\/www.ecole-saintemarie.com\/wp-content\/uploads\/2025\/05\/Affiche-JARDINS_ENCHANTES-220x300.jpg\" alt=\"\" width=\"220\" height=\"300\" srcset=\"http:\/\/www.ecole-saintemarie.com\/wp-content\/uploads\/2025\/05\/Affiche-JARDINS_ENCHANTES-220x300.jpg 220w, http:\/\/www.ecole-saintemarie.com\/wp-content\/uploads\/2025\/05\/Affiche-JARDINS_ENCHANTES-752x1024.jpg 752w, http:\/\/www.ecole-saintemarie.com\/wp-content\/uploads\/2025\/05\/Affiche-JARDINS_ENCHANTES-768x1046.jpg 768w, http:\/\/www.ecole-saintemarie.com\/wp-content\/uploads\/2025\/05\/Affiche-JARDINS_ENCHANTES-1128x1536.jpg 1128w, http:\/\/www.ecole-saintemarie.com\/wp-content\/uploads\/2025\/05\/Affiche-JARDINS_ENCHANTES-1504x2048.jpg 1504w, http:\/\/www.ecole-saintemarie.com\/wp-content\/uploads\/2025\/05\/Affiche-JARDINS_ENCHANTES-scaled.jpg 1880w\" sizes=\"(max-width: 220px) 100vw, 220px\" \/><\/a> <a href=\"http:\/\/www.ecole-saintemarie.com\/wp-content\/uploads\/2025\/05\/GPKG8910.jpg\"><img loading=\"lazy\" class=\"alignnone size-medium wp-image-12676\" src=\"http:\/\/www.ecole-saintemarie.com\/wp-content\/uploads\/2025\/05\/GPKG8910-300x225.jpg\" alt=\"\" width=\"300\" height=\"225\" srcset=\"http:\/\/www.ecole-saintemarie.com\/wp-content\/uploads\/2025\/05\/GPKG8910-300x225.jpg 300w, http:\/\/www.ecole-saintemarie.com\/wp-content\/uploads\/2025\/05\/GPKG8910-1024x768.jpg 1024w, http:\/\/www.ecole-saintemarie.com\/wp-content\/uploads\/2025\/05\/GPKG8910-768x576.jpg 768w, http:\/\/www.ecole-saintemarie.com\/wp-content\/uploads\/2025\/05\/GPKG8910-1536x1152.jpg 1536w, http:\/\/www.ecole-saintemarie.com\/wp-content\/uploads\/2025\/05\/GPKG8910.jpg 1600w\" sizes=\"(max-width: 300px) 100vw, 300px\" \/><\/a> <a href=\"http:\/\/www.ecole-saintemarie.com\/wp-content\/uploads\/2025\/05\/jardins-enchantes.png\"><img loading=\"lazy\" class=\"alignnone size-medium wp-image-12677\" src=\"http:\/\/www.ecole-saintemarie.com\/wp-content\/uploads\/2025\/05\/jardins-enchantes-300x206.png\" alt=\"\" width=\"300\" height=\"206\" srcset=\"http:\/\/www.ecole-saintemarie.com\/wp-content\/uploads\/2025\/05\/jardins-enchantes-300x206.png 300w, http:\/\/www.ecole-saintemarie.com\/wp-content\/uploads\/2025\/05\/jardins-enchantes.png 615w\" sizes=\"(max-width: 300px) 100vw, 300px\" \/><\/a><\/p>\n<p>&nbsp;<\/p>\n<p>&nbsp;<\/p>\n<p><strong><u>Couch\u00e9e<\/u><\/strong>, de D\u00e9bora Cheyenne Cruchon (France, 2015, 3 min)\u00a0: Se coucher dans l\u2019herbe, observer une libellule, puis un oiseau, ouvrir grand les yeux pour s\u2019\u00e9merveiller de la magie qui nous entoure et surtout\u2026 r\u00eaver !<br \/>\nLibrement adapt\u00e9 du po\u00e8me de Robert Desnos, \u201cCouch\u00e9e\u201d in Destin\u00e9e arbitraire.<\/p>\n<p><strong><u>Le Roi et la poire<\/u><\/strong>, de Nastia Voronina (Russie, 2015, 4 min)\u00a0: Un jeune roi fort gourmand pense avoir trouv\u00e9 la plus belle poire de son verger. Il h\u00e9site : est-ce le moment de la d\u00e9guster ou vaut-il mieux la garder pour plus tard ? Et s\u2019il la partageait ? Mais cela pourrait lui r\u00e9server bien des surprises\u2026<\/p>\n<p><strong><u>Cache-cache<\/u><\/strong>, de Judit Orosz (Hongrie, 2020, 9 min)\u00a0: Lors d\u2019une partie de cache-cache, une petite fille d\u00e9ambule dans un jardin. Elle en explore les recoins secrets, observant les petites b\u00eates, et se retrouve bient\u00f4t entour\u00e9e par un d\u00e9cor \u00e9trange et fascinant\u2026<\/p>\n<p><strong><u>Tulipe<\/u><\/strong>, de Andrea Love et Phoebe Wahl (\u00c9tats-Unis, 2021, 9 min)\u00a0: Tulipe, une petite fille haute d\u2019un pouce n\u00e9e dans une fleur, d\u00e9cide d\u2019aller explorer le merveilleux jardin qui entoure sa maison, malgr\u00e9 les mises en garde de sa maman et les dangers qui la menacent. Librement adapt\u00e9 du conte d\u2019Andersen, La Petite Poucette.<\/p>\n<p><strong><u>L\u2019Oiseau et les abeilles<\/u><\/strong>, de Lena von D\u00f6hren (Suisse, 2020, 4 min 30)\u00a0: Un petit oiseau qui ne sait pas encore voler rencontre ses nouvelles voisines, une bande d\u2019abeilles vrombissantes. Gare au renard qui r\u00f4de\u2026 mais qui, heureusement, est vraiment maladroit !<\/p>\n<p><strong><u>Du iz tak ?<\/u><\/strong> de Galen Fott (\u00c9tats-Unis, 2018, 11 min)\u00a0: Un beau jour, une myst\u00e9rieuse pousse verte appara\u00eet dans la prairie. Les insectes s\u2019interrogent : Du iz tak ?! Un peu de patience\u2026 Il faudra quatre saisons pour assister \u00e0 la m\u00e9tamorphose de cette curieuse plante !<br \/>\nD\u2019apr\u00e8s l\u2019\u0153uvre originale de Carson Ellis, Du iz tak ? publi\u00e9e en fran\u00e7ais sous le titre Koi ke bzzz ? chez h\u00e9lium.<\/p>\n<p>&nbsp;<\/p>\n<p>&nbsp;<\/p>\n<p>&nbsp;<\/p>\n","protected":false},"excerpt":{"rendered":"<p>Derni\u00e8re s\u00e9ance de l\u2019ann\u00e9e ce vendredi 16 mai\u00a0! Tous les enfants de la maternelle assistent au Drakkar \u00e0 une s\u00e9ance de courts m\u00e9trages sur le th\u00e8me \u00ab\u00a0Jardins Enchant\u00e9s\u00a0\u00bb &nbsp; &nbsp; Couch\u00e9e, de D\u00e9bora Cheyenne Cruchon (France, 2015, 3 min)\u00a0: Se coucher dans l\u2019herbe, observer une libellule, puis un oiseau, ouvrir grand les yeux pour s\u2019\u00e9merveiller &hellip; <\/p>\n<p><a class=\"more-link btn\" href=\"http:\/\/www.ecole-saintemarie.com\/?p=12678\">Lire la suite<\/a><\/p>\n","protected":false},"author":2,"featured_media":12675,"comment_status":"closed","ping_status":"closed","sticky":false,"template":"","format":"standard","meta":[],"categories":[1,32,34],"tags":[],"_links":{"self":[{"href":"http:\/\/www.ecole-saintemarie.com\/index.php?rest_route=\/wp\/v2\/posts\/12678"}],"collection":[{"href":"http:\/\/www.ecole-saintemarie.com\/index.php?rest_route=\/wp\/v2\/posts"}],"about":[{"href":"http:\/\/www.ecole-saintemarie.com\/index.php?rest_route=\/wp\/v2\/types\/post"}],"author":[{"embeddable":true,"href":"http:\/\/www.ecole-saintemarie.com\/index.php?rest_route=\/wp\/v2\/users\/2"}],"replies":[{"embeddable":true,"href":"http:\/\/www.ecole-saintemarie.com\/index.php?rest_route=%2Fwp%2Fv2%2Fcomments&post=12678"}],"version-history":[{"count":1,"href":"http:\/\/www.ecole-saintemarie.com\/index.php?rest_route=\/wp\/v2\/posts\/12678\/revisions"}],"predecessor-version":[{"id":12679,"href":"http:\/\/www.ecole-saintemarie.com\/index.php?rest_route=\/wp\/v2\/posts\/12678\/revisions\/12679"}],"wp:featuredmedia":[{"embeddable":true,"href":"http:\/\/www.ecole-saintemarie.com\/index.php?rest_route=\/wp\/v2\/media\/12675"}],"wp:attachment":[{"href":"http:\/\/www.ecole-saintemarie.com\/index.php?rest_route=%2Fwp%2Fv2%2Fmedia&parent=12678"}],"wp:term":[{"taxonomy":"category","embeddable":true,"href":"http:\/\/www.ecole-saintemarie.com\/index.php?rest_route=%2Fwp%2Fv2%2Fcategories&post=12678"},{"taxonomy":"post_tag","embeddable":true,"href":"http:\/\/www.ecole-saintemarie.com\/index.php?rest_route=%2Fwp%2Fv2%2Ftags&post=12678"}],"curies":[{"name":"wp","href":"https:\/\/api.w.org\/{rel}","templated":true}]}}