{"id":12672,"date":"2025-05-13T13:14:57","date_gmt":"2025-05-13T11:14:57","guid":{"rendered":"http:\/\/www.ecole-saintemarie.com\/?p=12672"},"modified":"2025-05-13T13:14:57","modified_gmt":"2025-05-13T11:14:57","slug":"spectacle-au-cube-pour-les-maternelles","status":"publish","type":"post","link":"http:\/\/www.ecole-saintemarie.com\/?p=12672","title":{"rendered":"spectacle au Cube pour les maternelles"},"content":{"rendered":"<p>Mardi 6 mai, les maternelles sont all\u00e9es en bus au Cube pour assister au spectacle : \u00ab <strong><u>Sous le plancher<\/u><\/strong> \u00bb de la compagnie le Bel apr\u00e8s-minuit. la Communaut\u00e9 de Communes a financ\u00e9 le transport.<\/p>\n<p><a href=\"http:\/\/www.ecole-saintemarie.com\/wp-content\/uploads\/2025\/05\/spectacle-au-Cube-2-scaled.jpg\"><img loading=\"lazy\" class=\"alignnone size-medium wp-image-12663\" src=\"http:\/\/www.ecole-saintemarie.com\/wp-content\/uploads\/2025\/05\/spectacle-au-Cube-2-225x300.jpg\" alt=\"\" width=\"225\" height=\"300\" srcset=\"http:\/\/www.ecole-saintemarie.com\/wp-content\/uploads\/2025\/05\/spectacle-au-Cube-2-225x300.jpg 225w, http:\/\/www.ecole-saintemarie.com\/wp-content\/uploads\/2025\/05\/spectacle-au-Cube-2-768x1024.jpg 768w, http:\/\/www.ecole-saintemarie.com\/wp-content\/uploads\/2025\/05\/spectacle-au-Cube-2-1152x1536.jpg 1152w, http:\/\/www.ecole-saintemarie.com\/wp-content\/uploads\/2025\/05\/spectacle-au-Cube-2-1536x2048.jpg 1536w, http:\/\/www.ecole-saintemarie.com\/wp-content\/uploads\/2025\/05\/spectacle-au-Cube-2-scaled.jpg 1920w\" sizes=\"(max-width: 225px) 100vw, 225px\" \/><\/a><\/p>\n<p>Sur sc\u00e8ne, deux personnages, accompagn\u00e9s en live par une musicienne, partent explorer les\u00a0contr\u00e9es \u00e9nigmatiques\u00a0de\u00a0l\u2019ennui.<br \/>\nAu fur et \u00e0 mesure de leurs d\u00e9couvertes, c\u2019est un univers empreint de po\u00e9sie et d\u2019\u00e9merveillement qu\u2019ils vont cr\u00e9er sous nos yeux.<\/p>\n<p>Musique et bruitage en direct, richesse et beaut\u00e9 de l\u2019image, ce spectacle invite les enfants et les plus grands \u00e0 voyager dans le vaste monde de l\u2019imaginaire.<\/p>\n<p>Des sc\u00e8nes avec du vent, de l\u2019eau, des fleurs, des loupes qui ont \u00e9merveill\u00e9 les enfants\u00a0!<\/p>\n<p><a href=\"http:\/\/www.ecole-saintemarie.com\/wp-content\/uploads\/2025\/05\/spectacle-au-Cube-10-scaled.jpg\"><img loading=\"lazy\" class=\"alignnone size-medium wp-image-12671\" src=\"http:\/\/www.ecole-saintemarie.com\/wp-content\/uploads\/2025\/05\/spectacle-au-Cube-10-225x300.jpg\" alt=\"\" width=\"225\" height=\"300\" srcset=\"http:\/\/www.ecole-saintemarie.com\/wp-content\/uploads\/2025\/05\/spectacle-au-Cube-10-225x300.jpg 225w, http:\/\/www.ecole-saintemarie.com\/wp-content\/uploads\/2025\/05\/spectacle-au-Cube-10-768x1024.jpg 768w, http:\/\/www.ecole-saintemarie.com\/wp-content\/uploads\/2025\/05\/spectacle-au-Cube-10-1152x1536.jpg 1152w, http:\/\/www.ecole-saintemarie.com\/wp-content\/uploads\/2025\/05\/spectacle-au-Cube-10-1536x2048.jpg 1536w, http:\/\/www.ecole-saintemarie.com\/wp-content\/uploads\/2025\/05\/spectacle-au-Cube-10-scaled.jpg 1920w\" sizes=\"(max-width: 225px) 100vw, 225px\" \/><\/a> <a href=\"http:\/\/www.ecole-saintemarie.com\/wp-content\/uploads\/2025\/05\/spectacle-au-Cube-9-scaled.jpg\"><img loading=\"lazy\" class=\"alignnone size-medium wp-image-12670\" src=\"http:\/\/www.ecole-saintemarie.com\/wp-content\/uploads\/2025\/05\/spectacle-au-Cube-9-225x300.jpg\" alt=\"\" width=\"225\" height=\"300\" srcset=\"http:\/\/www.ecole-saintemarie.com\/wp-content\/uploads\/2025\/05\/spectacle-au-Cube-9-225x300.jpg 225w, http:\/\/www.ecole-saintemarie.com\/wp-content\/uploads\/2025\/05\/spectacle-au-Cube-9-768x1024.jpg 768w, http:\/\/www.ecole-saintemarie.com\/wp-content\/uploads\/2025\/05\/spectacle-au-Cube-9-1152x1536.jpg 1152w, http:\/\/www.ecole-saintemarie.com\/wp-content\/uploads\/2025\/05\/spectacle-au-Cube-9-1536x2048.jpg 1536w, http:\/\/www.ecole-saintemarie.com\/wp-content\/uploads\/2025\/05\/spectacle-au-Cube-9-scaled.jpg 1920w\" sizes=\"(max-width: 225px) 100vw, 225px\" \/><\/a> <a href=\"http:\/\/www.ecole-saintemarie.com\/wp-content\/uploads\/2025\/05\/spectacle-au-Cube-8-scaled.jpg\"><img loading=\"lazy\" class=\"alignnone size-medium wp-image-12669\" src=\"http:\/\/www.ecole-saintemarie.com\/wp-content\/uploads\/2025\/05\/spectacle-au-Cube-8-300x225.jpg\" alt=\"\" width=\"300\" height=\"225\" srcset=\"http:\/\/www.ecole-saintemarie.com\/wp-content\/uploads\/2025\/05\/spectacle-au-Cube-8-300x225.jpg 300w, http:\/\/www.ecole-saintemarie.com\/wp-content\/uploads\/2025\/05\/spectacle-au-Cube-8-1024x768.jpg 1024w, http:\/\/www.ecole-saintemarie.com\/wp-content\/uploads\/2025\/05\/spectacle-au-Cube-8-768x576.jpg 768w, http:\/\/www.ecole-saintemarie.com\/wp-content\/uploads\/2025\/05\/spectacle-au-Cube-8-1536x1152.jpg 1536w, http:\/\/www.ecole-saintemarie.com\/wp-content\/uploads\/2025\/05\/spectacle-au-Cube-8-2048x1536.jpg 2048w\" sizes=\"(max-width: 300px) 100vw, 300px\" \/><\/a>\u00a0 <a href=\"http:\/\/www.ecole-saintemarie.com\/wp-content\/uploads\/2025\/05\/spectacle-au-Cube-6-scaled.jpg\"><img loading=\"lazy\" class=\"alignnone size-medium wp-image-12667\" src=\"http:\/\/www.ecole-saintemarie.com\/wp-content\/uploads\/2025\/05\/spectacle-au-Cube-6-225x300.jpg\" alt=\"\" width=\"225\" height=\"300\" srcset=\"http:\/\/www.ecole-saintemarie.com\/wp-content\/uploads\/2025\/05\/spectacle-au-Cube-6-225x300.jpg 225w, http:\/\/www.ecole-saintemarie.com\/wp-content\/uploads\/2025\/05\/spectacle-au-Cube-6-768x1024.jpg 768w, http:\/\/www.ecole-saintemarie.com\/wp-content\/uploads\/2025\/05\/spectacle-au-Cube-6-1152x1536.jpg 1152w, http:\/\/www.ecole-saintemarie.com\/wp-content\/uploads\/2025\/05\/spectacle-au-Cube-6-1536x2048.jpg 1536w, http:\/\/www.ecole-saintemarie.com\/wp-content\/uploads\/2025\/05\/spectacle-au-Cube-6-scaled.jpg 1920w\" sizes=\"(max-width: 225px) 100vw, 225px\" \/><\/a>\u00a0 <a href=\"http:\/\/www.ecole-saintemarie.com\/wp-content\/uploads\/2025\/05\/spectacle-au-Cube-4-scaled.jpg\"><img loading=\"lazy\" class=\"alignnone size-medium wp-image-12665\" src=\"http:\/\/www.ecole-saintemarie.com\/wp-content\/uploads\/2025\/05\/spectacle-au-Cube-4-225x300.jpg\" alt=\"\" width=\"225\" height=\"300\" srcset=\"http:\/\/www.ecole-saintemarie.com\/wp-content\/uploads\/2025\/05\/spectacle-au-Cube-4-225x300.jpg 225w, http:\/\/www.ecole-saintemarie.com\/wp-content\/uploads\/2025\/05\/spectacle-au-Cube-4-768x1024.jpg 768w, http:\/\/www.ecole-saintemarie.com\/wp-content\/uploads\/2025\/05\/spectacle-au-Cube-4-1152x1536.jpg 1152w, http:\/\/www.ecole-saintemarie.com\/wp-content\/uploads\/2025\/05\/spectacle-au-Cube-4-1536x2048.jpg 1536w, http:\/\/www.ecole-saintemarie.com\/wp-content\/uploads\/2025\/05\/spectacle-au-Cube-4-scaled.jpg 1920w\" sizes=\"(max-width: 225px) 100vw, 225px\" \/><\/a><\/p>\n<p>Vid\u00e9o en cliquant sur le lien suivant :\u00a0<a href=\"http:\/\/www.ecole-saintemarie.com\/wp-content\/uploads\/2025\/05\/spectacle-au-Cube-1.mov\">spectacle au Cube (1)<\/a><\/p>\n<p>&nbsp;<\/p>\n","protected":false},"excerpt":{"rendered":"<p>Mardi 6 mai, les maternelles sont all\u00e9es en bus au Cube pour assister au spectacle : \u00ab Sous le plancher \u00bb de la compagnie le Bel apr\u00e8s-minuit. la Communaut\u00e9 de Communes a financ\u00e9 le transport. Sur sc\u00e8ne, deux personnages, accompagn\u00e9s en live par une musicienne, partent explorer les\u00a0contr\u00e9es \u00e9nigmatiques\u00a0de\u00a0l\u2019ennui. Au fur et \u00e0 mesure de &hellip; <\/p>\n<p><a class=\"more-link btn\" href=\"http:\/\/www.ecole-saintemarie.com\/?p=12672\">Lire la suite<\/a><\/p>\n","protected":false},"author":2,"featured_media":12670,"comment_status":"closed","ping_status":"closed","sticky":false,"template":"","format":"standard","meta":[],"categories":[1,32,34],"tags":[],"_links":{"self":[{"href":"http:\/\/www.ecole-saintemarie.com\/index.php?rest_route=\/wp\/v2\/posts\/12672"}],"collection":[{"href":"http:\/\/www.ecole-saintemarie.com\/index.php?rest_route=\/wp\/v2\/posts"}],"about":[{"href":"http:\/\/www.ecole-saintemarie.com\/index.php?rest_route=\/wp\/v2\/types\/post"}],"author":[{"embeddable":true,"href":"http:\/\/www.ecole-saintemarie.com\/index.php?rest_route=\/wp\/v2\/users\/2"}],"replies":[{"embeddable":true,"href":"http:\/\/www.ecole-saintemarie.com\/index.php?rest_route=%2Fwp%2Fv2%2Fcomments&post=12672"}],"version-history":[{"count":1,"href":"http:\/\/www.ecole-saintemarie.com\/index.php?rest_route=\/wp\/v2\/posts\/12672\/revisions"}],"predecessor-version":[{"id":12673,"href":"http:\/\/www.ecole-saintemarie.com\/index.php?rest_route=\/wp\/v2\/posts\/12672\/revisions\/12673"}],"wp:featuredmedia":[{"embeddable":true,"href":"http:\/\/www.ecole-saintemarie.com\/index.php?rest_route=\/wp\/v2\/media\/12670"}],"wp:attachment":[{"href":"http:\/\/www.ecole-saintemarie.com\/index.php?rest_route=%2Fwp%2Fv2%2Fmedia&parent=12672"}],"wp:term":[{"taxonomy":"category","embeddable":true,"href":"http:\/\/www.ecole-saintemarie.com\/index.php?rest_route=%2Fwp%2Fv2%2Fcategories&post=12672"},{"taxonomy":"post_tag","embeddable":true,"href":"http:\/\/www.ecole-saintemarie.com\/index.php?rest_route=%2Fwp%2Fv2%2Ftags&post=12672"}],"curies":[{"name":"wp","href":"https:\/\/api.w.org\/{rel}","templated":true}]}}