{"id":11729,"date":"2023-12-21T18:01:56","date_gmt":"2023-12-21T17:01:56","guid":{"rendered":"http:\/\/www.ecole-saintemarie.com\/?p=11729"},"modified":"2023-12-21T18:02:36","modified_gmt":"2023-12-21T17:02:36","slug":"spectacle-au-cube","status":"publish","type":"post","link":"http:\/\/www.ecole-saintemarie.com\/?p=11729","title":{"rendered":"Spectacle au Cube"},"content":{"rendered":"<p>Tous les \u00e9l\u00e8ves du primaire ont pu d\u00e9couvrir le spectacle \u00ab\u00a0\u00e7a m\u2019fait penser\u00a0\u00bb au Cube, le jeudi 14 d\u00e9cembre.<br \/>\nUn super spectacle de la compagnie CHantTier21Th\u00e9\u00e2tre qui aborde des questions philosophiques et raconte des aventures mythologiques comme Atalante, Ulysse, Icare, H\u00e9racl\u00e8s\u2026\u00a0!<\/p>\n<p><a href=\"http:\/\/www.ecole-saintemarie.com\/wp-content\/uploads\/2023\/12\/cube-3.jpg\"><img loading=\"lazy\" class=\"alignnone size-medium wp-image-11714\" src=\"http:\/\/www.ecole-saintemarie.com\/wp-content\/uploads\/2023\/12\/cube-3-300x225.jpg\" alt=\"\" width=\"300\" height=\"225\" srcset=\"http:\/\/www.ecole-saintemarie.com\/wp-content\/uploads\/2023\/12\/cube-3-300x225.jpg 300w, http:\/\/www.ecole-saintemarie.com\/wp-content\/uploads\/2023\/12\/cube-3-1024x768.jpg 1024w, http:\/\/www.ecole-saintemarie.com\/wp-content\/uploads\/2023\/12\/cube-3-768x576.jpg 768w, http:\/\/www.ecole-saintemarie.com\/wp-content\/uploads\/2023\/12\/cube-3-1536x1152.jpg 1536w, http:\/\/www.ecole-saintemarie.com\/wp-content\/uploads\/2023\/12\/cube-3.jpg 2000w\" sizes=\"(max-width: 300px) 100vw, 300px\" \/><\/a> <a href=\"http:\/\/www.ecole-saintemarie.com\/wp-content\/uploads\/2023\/12\/cube-2.jpg\"><img loading=\"lazy\" class=\"alignnone size-medium wp-image-11713\" src=\"http:\/\/www.ecole-saintemarie.com\/wp-content\/uploads\/2023\/12\/cube-2-300x225.jpg\" alt=\"\" width=\"300\" height=\"225\" srcset=\"http:\/\/www.ecole-saintemarie.com\/wp-content\/uploads\/2023\/12\/cube-2-300x225.jpg 300w, http:\/\/www.ecole-saintemarie.com\/wp-content\/uploads\/2023\/12\/cube-2-1024x768.jpg 1024w, http:\/\/www.ecole-saintemarie.com\/wp-content\/uploads\/2023\/12\/cube-2-768x576.jpg 768w, http:\/\/www.ecole-saintemarie.com\/wp-content\/uploads\/2023\/12\/cube-2-1536x1152.jpg 1536w, http:\/\/www.ecole-saintemarie.com\/wp-content\/uploads\/2023\/12\/cube-2.jpg 2000w\" sizes=\"(max-width: 300px) 100vw, 300px\" \/><\/a> <a href=\"http:\/\/www.ecole-saintemarie.com\/wp-content\/uploads\/2023\/12\/cube-1.jpg\"><img loading=\"lazy\" class=\"alignnone size-medium wp-image-11712\" src=\"http:\/\/www.ecole-saintemarie.com\/wp-content\/uploads\/2023\/12\/cube-1-300x225.jpg\" alt=\"\" width=\"300\" height=\"225\" srcset=\"http:\/\/www.ecole-saintemarie.com\/wp-content\/uploads\/2023\/12\/cube-1-300x225.jpg 300w, http:\/\/www.ecole-saintemarie.com\/wp-content\/uploads\/2023\/12\/cube-1-1024x768.jpg 1024w, http:\/\/www.ecole-saintemarie.com\/wp-content\/uploads\/2023\/12\/cube-1-768x576.jpg 768w, http:\/\/www.ecole-saintemarie.com\/wp-content\/uploads\/2023\/12\/cube-1-1536x1152.jpg 1536w, http:\/\/www.ecole-saintemarie.com\/wp-content\/uploads\/2023\/12\/cube-1.jpg 2000w\" sizes=\"(max-width: 300px) 100vw, 300px\" \/><\/a><a href=\"http:\/\/www.ecole-saintemarie.com\/wp-content\/uploads\/2023\/12\/affiche-ca-mfait-penser-scaled.jpg\"><img loading=\"lazy\" class=\"alignnone size-medium wp-image-11731\" src=\"http:\/\/www.ecole-saintemarie.com\/wp-content\/uploads\/2023\/12\/affiche-ca-mfait-penser-152x300.jpg\" alt=\"\" width=\"152\" height=\"300\" srcset=\"http:\/\/www.ecole-saintemarie.com\/wp-content\/uploads\/2023\/12\/affiche-ca-mfait-penser-152x300.jpg 152w, http:\/\/www.ecole-saintemarie.com\/wp-content\/uploads\/2023\/12\/affiche-ca-mfait-penser-520x1024.jpg 520w, http:\/\/www.ecole-saintemarie.com\/wp-content\/uploads\/2023\/12\/affiche-ca-mfait-penser-768x1512.jpg 768w, http:\/\/www.ecole-saintemarie.com\/wp-content\/uploads\/2023\/12\/affiche-ca-mfait-penser-780x1536.jpg 780w, http:\/\/www.ecole-saintemarie.com\/wp-content\/uploads\/2023\/12\/affiche-ca-mfait-penser-1041x2048.jpg 1041w, http:\/\/www.ecole-saintemarie.com\/wp-content\/uploads\/2023\/12\/affiche-ca-mfait-penser-scaled.jpg 1301w\" sizes=\"(max-width: 152px) 100vw, 152px\" \/><\/a><\/p>\n","protected":false},"excerpt":{"rendered":"<p>Tous les \u00e9l\u00e8ves du primaire ont pu d\u00e9couvrir le spectacle \u00ab\u00a0\u00e7a m\u2019fait penser\u00a0\u00bb au Cube, le jeudi 14 d\u00e9cembre. Un super spectacle de la compagnie CHantTier21Th\u00e9\u00e2tre qui aborde des questions philosophiques et raconte des aventures mythologiques comme Atalante, Ulysse, Icare, H\u00e9racl\u00e8s\u2026\u00a0!<\/p>\n","protected":false},"author":2,"featured_media":11713,"comment_status":"closed","ping_status":"closed","sticky":false,"template":"","format":"standard","meta":[],"categories":[33,29,31,1],"tags":[],"_links":{"self":[{"href":"http:\/\/www.ecole-saintemarie.com\/index.php?rest_route=\/wp\/v2\/posts\/11729"}],"collection":[{"href":"http:\/\/www.ecole-saintemarie.com\/index.php?rest_route=\/wp\/v2\/posts"}],"about":[{"href":"http:\/\/www.ecole-saintemarie.com\/index.php?rest_route=\/wp\/v2\/types\/post"}],"author":[{"embeddable":true,"href":"http:\/\/www.ecole-saintemarie.com\/index.php?rest_route=\/wp\/v2\/users\/2"}],"replies":[{"embeddable":true,"href":"http:\/\/www.ecole-saintemarie.com\/index.php?rest_route=%2Fwp%2Fv2%2Fcomments&post=11729"}],"version-history":[{"count":2,"href":"http:\/\/www.ecole-saintemarie.com\/index.php?rest_route=\/wp\/v2\/posts\/11729\/revisions"}],"predecessor-version":[{"id":11732,"href":"http:\/\/www.ecole-saintemarie.com\/index.php?rest_route=\/wp\/v2\/posts\/11729\/revisions\/11732"}],"wp:featuredmedia":[{"embeddable":true,"href":"http:\/\/www.ecole-saintemarie.com\/index.php?rest_route=\/wp\/v2\/media\/11713"}],"wp:attachment":[{"href":"http:\/\/www.ecole-saintemarie.com\/index.php?rest_route=%2Fwp%2Fv2%2Fmedia&parent=11729"}],"wp:term":[{"taxonomy":"category","embeddable":true,"href":"http:\/\/www.ecole-saintemarie.com\/index.php?rest_route=%2Fwp%2Fv2%2Fcategories&post=11729"},{"taxonomy":"post_tag","embeddable":true,"href":"http:\/\/www.ecole-saintemarie.com\/index.php?rest_route=%2Fwp%2Fv2%2Ftags&post=11729"}],"curies":[{"name":"wp","href":"https:\/\/api.w.org\/{rel}","templated":true}]}}