{"id":1132,"date":"2014-01-02T12:41:14","date_gmt":"2014-01-02T11:41:14","guid":{"rendered":"http:\/\/www.ecole-saintemarie.com\/?p=1132"},"modified":"2014-01-02T12:41:14","modified_gmt":"2014-01-02T11:41:14","slug":"vente-de-gateaux-des-cm","status":"publish","type":"post","link":"http:\/\/www.ecole-saintemarie.com\/?p=1132","title":{"rendered":"Vente de g\u00e2teaux des CM"},"content":{"rendered":"<p>Samedi 21 d\u00e9cembre, le Parc de la Baleine a comme un air de f\u00eate&#8230;<br \/>\nC&rsquo;est No\u00ebl en lumi\u00e8re !!!<\/p>\n<p>Les CM1 et CM2 vendent des g\u00e2teaux confectionn\u00e9s par les familles pour financer leur sortie de fin d&rsquo;ann\u00e9e \u00e0 Grimboscq.<\/p>\n<p>Un vrai succ\u00e8s !<a href=\"http:\/\/www.ecole-saintemarie.com\/wp-content\/uploads\/2014\/01\/vente-31.jpg\"><img loading=\"lazy\" class=\"alignnone size-medium wp-image-1131\" alt=\"vente 3\" src=\"http:\/\/www.ecole-saintemarie.com\/wp-content\/uploads\/2014\/01\/vente-31-300x168.jpg\" width=\"300\" height=\"168\" srcset=\"http:\/\/www.ecole-saintemarie.com\/wp-content\/uploads\/2014\/01\/vente-31-300x168.jpg 300w, http:\/\/www.ecole-saintemarie.com\/wp-content\/uploads\/2014\/01\/vente-31-1024x574.jpg 1024w, http:\/\/www.ecole-saintemarie.com\/wp-content\/uploads\/2014\/01\/vente-31.jpg 1632w\" sizes=\"(max-width: 300px) 100vw, 300px\" \/><\/a> <a href=\"http:\/\/www.ecole-saintemarie.com\/wp-content\/uploads\/2014\/01\/vente-2.jpg\"><img loading=\"lazy\" class=\"alignnone size-medium wp-image-1130\" alt=\"vente 2\" src=\"http:\/\/www.ecole-saintemarie.com\/wp-content\/uploads\/2014\/01\/vente-2-300x168.jpg\" width=\"300\" height=\"168\" srcset=\"http:\/\/www.ecole-saintemarie.com\/wp-content\/uploads\/2014\/01\/vente-2-300x168.jpg 300w, http:\/\/www.ecole-saintemarie.com\/wp-content\/uploads\/2014\/01\/vente-2-1024x574.jpg 1024w, http:\/\/www.ecole-saintemarie.com\/wp-content\/uploads\/2014\/01\/vente-2.jpg 1632w\" sizes=\"(max-width: 300px) 100vw, 300px\" \/><\/a> <a href=\"http:\/\/www.ecole-saintemarie.com\/wp-content\/uploads\/2014\/01\/vente-1.jpg\"><img loading=\"lazy\" class=\"alignnone size-medium wp-image-1129\" alt=\"vente 1\" src=\"http:\/\/www.ecole-saintemarie.com\/wp-content\/uploads\/2014\/01\/vente-1-300x168.jpg\" width=\"300\" height=\"168\" srcset=\"http:\/\/www.ecole-saintemarie.com\/wp-content\/uploads\/2014\/01\/vente-1-300x168.jpg 300w, http:\/\/www.ecole-saintemarie.com\/wp-content\/uploads\/2014\/01\/vente-1-1024x574.jpg 1024w, http:\/\/www.ecole-saintemarie.com\/wp-content\/uploads\/2014\/01\/vente-1.jpg 1632w\" sizes=\"(max-width: 300px) 100vw, 300px\" \/><\/a> <a href=\"http:\/\/www.ecole-saintemarie.com\/wp-content\/uploads\/2014\/01\/vente-4.jpg\"><img loading=\"lazy\" class=\"alignnone size-medium wp-image-1128\" alt=\"vente 4\" src=\"http:\/\/www.ecole-saintemarie.com\/wp-content\/uploads\/2014\/01\/vente-4-300x168.jpg\" width=\"300\" height=\"168\" srcset=\"http:\/\/www.ecole-saintemarie.com\/wp-content\/uploads\/2014\/01\/vente-4-300x168.jpg 300w, http:\/\/www.ecole-saintemarie.com\/wp-content\/uploads\/2014\/01\/vente-4-1024x574.jpg 1024w, http:\/\/www.ecole-saintemarie.com\/wp-content\/uploads\/2014\/01\/vente-4.jpg 1632w\" sizes=\"(max-width: 300px) 100vw, 300px\" \/><\/a><\/p>\n","protected":false},"excerpt":{"rendered":"<p>Samedi 21 d\u00e9cembre, le Parc de la Baleine a comme un air de f\u00eate&#8230; C&rsquo;est No\u00ebl en lumi\u00e8re !!! Les CM1 et CM2 vendent des g\u00e2teaux confectionn\u00e9s par les familles pour financer leur sortie de fin d&rsquo;ann\u00e9e \u00e0 Grimboscq. Un vrai succ\u00e8s !<\/p>\n","protected":false},"author":2,"featured_media":1129,"comment_status":"closed","ping_status":"open","sticky":false,"template":"","format":"standard","meta":[],"categories":[1,5],"tags":[],"_links":{"self":[{"href":"http:\/\/www.ecole-saintemarie.com\/index.php?rest_route=\/wp\/v2\/posts\/1132"}],"collection":[{"href":"http:\/\/www.ecole-saintemarie.com\/index.php?rest_route=\/wp\/v2\/posts"}],"about":[{"href":"http:\/\/www.ecole-saintemarie.com\/index.php?rest_route=\/wp\/v2\/types\/post"}],"author":[{"embeddable":true,"href":"http:\/\/www.ecole-saintemarie.com\/index.php?rest_route=\/wp\/v2\/users\/2"}],"replies":[{"embeddable":true,"href":"http:\/\/www.ecole-saintemarie.com\/index.php?rest_route=%2Fwp%2Fv2%2Fcomments&post=1132"}],"version-history":[{"count":1,"href":"http:\/\/www.ecole-saintemarie.com\/index.php?rest_route=\/wp\/v2\/posts\/1132\/revisions"}],"predecessor-version":[{"id":1133,"href":"http:\/\/www.ecole-saintemarie.com\/index.php?rest_route=\/wp\/v2\/posts\/1132\/revisions\/1133"}],"wp:featuredmedia":[{"embeddable":true,"href":"http:\/\/www.ecole-saintemarie.com\/index.php?rest_route=\/wp\/v2\/media\/1129"}],"wp:attachment":[{"href":"http:\/\/www.ecole-saintemarie.com\/index.php?rest_route=%2Fwp%2Fv2%2Fmedia&parent=1132"}],"wp:term":[{"taxonomy":"category","embeddable":true,"href":"http:\/\/www.ecole-saintemarie.com\/index.php?rest_route=%2Fwp%2Fv2%2Fcategories&post=1132"},{"taxonomy":"post_tag","embeddable":true,"href":"http:\/\/www.ecole-saintemarie.com\/index.php?rest_route=%2Fwp%2Fv2%2Ftags&post=1132"}],"curies":[{"name":"wp","href":"https:\/\/api.w.org\/{rel}","templated":true}]}}