{"id":1100,"date":"2013-12-18T12:49:42","date_gmt":"2013-12-18T11:49:42","guid":{"rendered":"http:\/\/www.ecole-saintemarie.com\/?p=1100"},"modified":"2013-12-18T12:49:42","modified_gmt":"2013-12-18T11:49:42","slug":"celebration-de-noel","status":"publish","type":"post","link":"http:\/\/www.ecole-saintemarie.com\/?p=1100","title":{"rendered":"C\u00e9l\u00e9bration de No\u00ebl"},"content":{"rendered":"<p>Depuis le mois de d\u00e9cembre, nous nous retrouvons chaque semaine avec tous les enfants de l\u2019\u00e9cole pour suivre\u00a0le chemin de Marie de Nazareth \u00e0 B\u00e9thl\u00e9em.<br \/>\nNous \u00e9coutons des histoires et chantons des chansons.<\/p>\n<p><a href=\"http:\/\/www.ecole-saintemarie.com\/wp-content\/uploads\/2013\/12\/TPS-PS-007.jpg\"><img loading=\"lazy\" class=\"alignnone size-medium wp-image-1070\" alt=\"TPS PS 007\" src=\"http:\/\/www.ecole-saintemarie.com\/wp-content\/uploads\/2013\/12\/TPS-PS-007-300x225.jpg\" width=\"300\" height=\"225\" srcset=\"http:\/\/www.ecole-saintemarie.com\/wp-content\/uploads\/2013\/12\/TPS-PS-007-300x225.jpg 300w, http:\/\/www.ecole-saintemarie.com\/wp-content\/uploads\/2013\/12\/TPS-PS-007.jpg 640w\" sizes=\"(max-width: 300px) 100vw, 300px\" \/><\/a><\/p>\n<p>&nbsp;<\/p>\n<p>Mardi 17 d\u00e9cembre, nous avons retrouv\u00e9 le P\u00e8re Gilles et quelques parents \u00e0 la Chapelle de Luc pour f\u00eater No\u00ebl ensemble.<\/p>\n<p><a href=\"http:\/\/www.ecole-saintemarie.com\/wp-content\/uploads\/2013\/12\/TPS-PS-004.jpg\"><img loading=\"lazy\" class=\"alignnone size-medium wp-image-1074\" alt=\"TPS PS 004\" src=\"http:\/\/www.ecole-saintemarie.com\/wp-content\/uploads\/2013\/12\/TPS-PS-004-300x225.jpg\" width=\"300\" height=\"225\" srcset=\"http:\/\/www.ecole-saintemarie.com\/wp-content\/uploads\/2013\/12\/TPS-PS-004-300x225.jpg 300w, http:\/\/www.ecole-saintemarie.com\/wp-content\/uploads\/2013\/12\/TPS-PS-004.jpg 640w\" sizes=\"(max-width: 300px) 100vw, 300px\" \/><\/a><\/p>\n<p>&nbsp;<\/p>\n<p>\u00ab\u00a0Enfants de Palestine, ou enfants d\u2019Isra\u00ebl,<\/p>\n<p>d\u2019Am\u00e9rique ou de Chine<\/p>\n<p>En ce jour de No\u00ebl<\/p>\n<p>Que ton regard se pose<\/p>\n<p>Sur la Terre ou le Ciel<\/p>\n<p>Ne retiens qu\u2019une chose\u00a0:<\/p>\n<p>Il faut croire \u00e0 NO\u00cbL !\u00a0\u00bb<\/p>\n","protected":false},"excerpt":{"rendered":"<p>Depuis le mois de d\u00e9cembre, nous nous retrouvons chaque semaine avec tous les enfants de l\u2019\u00e9cole pour suivre\u00a0le chemin de Marie de Nazareth \u00e0 B\u00e9thl\u00e9em. Nous \u00e9coutons des histoires et chantons des chansons. &nbsp; Mardi 17 d\u00e9cembre, nous avons retrouv\u00e9 le P\u00e8re Gilles et quelques parents \u00e0 la Chapelle de Luc pour f\u00eater No\u00ebl ensemble. &hellip; <\/p>\n<p><a class=\"more-link btn\" href=\"http:\/\/www.ecole-saintemarie.com\/?p=1100\">Lire la suite<\/a><\/p>\n","protected":false},"author":3,"featured_media":1070,"comment_status":"closed","ping_status":"open","sticky":false,"template":"","format":"standard","meta":[],"categories":[1],"tags":[],"_links":{"self":[{"href":"http:\/\/www.ecole-saintemarie.com\/index.php?rest_route=\/wp\/v2\/posts\/1100"}],"collection":[{"href":"http:\/\/www.ecole-saintemarie.com\/index.php?rest_route=\/wp\/v2\/posts"}],"about":[{"href":"http:\/\/www.ecole-saintemarie.com\/index.php?rest_route=\/wp\/v2\/types\/post"}],"author":[{"embeddable":true,"href":"http:\/\/www.ecole-saintemarie.com\/index.php?rest_route=\/wp\/v2\/users\/3"}],"replies":[{"embeddable":true,"href":"http:\/\/www.ecole-saintemarie.com\/index.php?rest_route=%2Fwp%2Fv2%2Fcomments&post=1100"}],"version-history":[{"count":1,"href":"http:\/\/www.ecole-saintemarie.com\/index.php?rest_route=\/wp\/v2\/posts\/1100\/revisions"}],"predecessor-version":[{"id":1101,"href":"http:\/\/www.ecole-saintemarie.com\/index.php?rest_route=\/wp\/v2\/posts\/1100\/revisions\/1101"}],"wp:featuredmedia":[{"embeddable":true,"href":"http:\/\/www.ecole-saintemarie.com\/index.php?rest_route=\/wp\/v2\/media\/1070"}],"wp:attachment":[{"href":"http:\/\/www.ecole-saintemarie.com\/index.php?rest_route=%2Fwp%2Fv2%2Fmedia&parent=1100"}],"wp:term":[{"taxonomy":"category","embeddable":true,"href":"http:\/\/www.ecole-saintemarie.com\/index.php?rest_route=%2Fwp%2Fv2%2Fcategories&post=1100"},{"taxonomy":"post_tag","embeddable":true,"href":"http:\/\/www.ecole-saintemarie.com\/index.php?rest_route=%2Fwp%2Fv2%2Ftags&post=1100"}],"curies":[{"name":"wp","href":"https:\/\/api.w.org\/{rel}","templated":true}]}}