{"id":10239,"date":"2022-04-29T17:34:41","date_gmt":"2022-04-29T15:34:41","guid":{"rendered":"http:\/\/www.ecole-saintemarie.com\/?p=10239"},"modified":"2022-04-29T17:35:02","modified_gmt":"2022-04-29T15:35:02","slug":"10239","status":"publish","type":"post","link":"http:\/\/www.ecole-saintemarie.com\/?p=10239","title":{"rendered":"C\u00e9l\u00e9bration de P\u00e2ques"},"content":{"rendered":"<p>Pendant les vacances, nous avons f\u00eat\u00e9 P\u00e2ques.<br \/>\nLa semaine de la rentr\u00e9e (mardi pour les maternelles et CP, jeudi pour les CE et CM), accompagn\u00e9s de Blandine et Fr\u00e9d\u00e9ric, animateurs en Pastorale, ainsi que du P\u00e8re Isa\u00efe, nous sommes all\u00e9s f\u00eater P\u00e2ques avec les enfants de l\u2019\u00e9cole.<\/p>\n<p>D\u2019abord au Parc de la baleine, o\u00f9 nous avons pu observer la nature qui revenait \u00e0 la vie\u00a0: les fleurs, les feuilles les bourgeons, sans oublier les chants des oiseaux qui nous accompagnaient\u00a0!<\/p>\n<p><a href=\"http:\/\/www.ecole-saintemarie.com\/wp-content\/uploads\/2022\/04\/celebration-mardi-4-scaled.jpg\"><img loading=\"lazy\" class=\"alignnone size-medium wp-image-10234\" src=\"http:\/\/www.ecole-saintemarie.com\/wp-content\/uploads\/2022\/04\/celebration-mardi-4-300x225.jpg\" alt=\"\" width=\"300\" height=\"225\" srcset=\"http:\/\/www.ecole-saintemarie.com\/wp-content\/uploads\/2022\/04\/celebration-mardi-4-300x225.jpg 300w, http:\/\/www.ecole-saintemarie.com\/wp-content\/uploads\/2022\/04\/celebration-mardi-4-1024x768.jpg 1024w, http:\/\/www.ecole-saintemarie.com\/wp-content\/uploads\/2022\/04\/celebration-mardi-4-768x576.jpg 768w, http:\/\/www.ecole-saintemarie.com\/wp-content\/uploads\/2022\/04\/celebration-mardi-4-1536x1152.jpg 1536w, http:\/\/www.ecole-saintemarie.com\/wp-content\/uploads\/2022\/04\/celebration-mardi-4-2048x1536.jpg 2048w\" sizes=\"(max-width: 300px) 100vw, 300px\" \/><\/a> <a href=\"http:\/\/www.ecole-saintemarie.com\/wp-content\/uploads\/2022\/04\/celebration-mardi-1-scaled.jpg\"><img loading=\"lazy\" class=\"alignnone size-medium wp-image-10231\" src=\"http:\/\/www.ecole-saintemarie.com\/wp-content\/uploads\/2022\/04\/celebration-mardi-1-300x225.jpg\" alt=\"\" width=\"300\" height=\"225\" srcset=\"http:\/\/www.ecole-saintemarie.com\/wp-content\/uploads\/2022\/04\/celebration-mardi-1-300x225.jpg 300w, http:\/\/www.ecole-saintemarie.com\/wp-content\/uploads\/2022\/04\/celebration-mardi-1-1024x768.jpg 1024w, http:\/\/www.ecole-saintemarie.com\/wp-content\/uploads\/2022\/04\/celebration-mardi-1-768x576.jpg 768w, http:\/\/www.ecole-saintemarie.com\/wp-content\/uploads\/2022\/04\/celebration-mardi-1-1536x1152.jpg 1536w, http:\/\/www.ecole-saintemarie.com\/wp-content\/uploads\/2022\/04\/celebration-mardi-1-2048x1536.jpg 2048w\" sizes=\"(max-width: 300px) 100vw, 300px\" \/><\/a><\/p>\n<p>&nbsp;<\/p>\n<p>Puis Blandine nous a racont\u00e9 l\u2019histoire de Jonas, aval\u00e9 par la Baleine et revenu \u00e0 la vie apr\u00e8s le pardon de Dieu (quel meilleur endroit que le squelette de notre ch\u00e8re baleine pour \u00e9couter cette histoire\u00a0!)<\/p>\n<p><a href=\"http:\/\/www.ecole-saintemarie.com\/wp-content\/uploads\/2022\/04\/celebration-mardi-8-scaled.jpg\"><img loading=\"lazy\" class=\"alignnone size-medium wp-image-10238\" src=\"http:\/\/www.ecole-saintemarie.com\/wp-content\/uploads\/2022\/04\/celebration-mardi-8-300x225.jpg\" alt=\"\" width=\"300\" height=\"225\" srcset=\"http:\/\/www.ecole-saintemarie.com\/wp-content\/uploads\/2022\/04\/celebration-mardi-8-300x225.jpg 300w, http:\/\/www.ecole-saintemarie.com\/wp-content\/uploads\/2022\/04\/celebration-mardi-8-1024x768.jpg 1024w, http:\/\/www.ecole-saintemarie.com\/wp-content\/uploads\/2022\/04\/celebration-mardi-8-768x576.jpg 768w, http:\/\/www.ecole-saintemarie.com\/wp-content\/uploads\/2022\/04\/celebration-mardi-8-1536x1152.jpg 1536w, http:\/\/www.ecole-saintemarie.com\/wp-content\/uploads\/2022\/04\/celebration-mardi-8-2048x1536.jpg 2048w\" sizes=\"(max-width: 300px) 100vw, 300px\" \/><\/a> <a href=\"http:\/\/www.ecole-saintemarie.com\/wp-content\/uploads\/2022\/04\/celebration-mardi-7.jpg\"><img loading=\"lazy\" class=\"alignnone size-medium wp-image-10237\" src=\"http:\/\/www.ecole-saintemarie.com\/wp-content\/uploads\/2022\/04\/celebration-mardi-7-300x224.jpg\" alt=\"\" width=\"300\" height=\"224\" srcset=\"http:\/\/www.ecole-saintemarie.com\/wp-content\/uploads\/2022\/04\/celebration-mardi-7-300x224.jpg 300w, http:\/\/www.ecole-saintemarie.com\/wp-content\/uploads\/2022\/04\/celebration-mardi-7.jpg 750w\" sizes=\"(max-width: 300px) 100vw, 300px\" \/><\/a> <a href=\"http:\/\/www.ecole-saintemarie.com\/wp-content\/uploads\/2022\/04\/celebration-mardi-2-scaled.jpg\"><img loading=\"lazy\" class=\"alignnone size-medium wp-image-10232\" src=\"http:\/\/www.ecole-saintemarie.com\/wp-content\/uploads\/2022\/04\/celebration-mardi-2-300x225.jpg\" alt=\"\" width=\"300\" height=\"225\" srcset=\"http:\/\/www.ecole-saintemarie.com\/wp-content\/uploads\/2022\/04\/celebration-mardi-2-300x225.jpg 300w, http:\/\/www.ecole-saintemarie.com\/wp-content\/uploads\/2022\/04\/celebration-mardi-2-1024x768.jpg 1024w, http:\/\/www.ecole-saintemarie.com\/wp-content\/uploads\/2022\/04\/celebration-mardi-2-768x576.jpg 768w, http:\/\/www.ecole-saintemarie.com\/wp-content\/uploads\/2022\/04\/celebration-mardi-2-1536x1152.jpg 1536w, http:\/\/www.ecole-saintemarie.com\/wp-content\/uploads\/2022\/04\/celebration-mardi-2-2048x1536.jpg 2048w\" sizes=\"(max-width: 300px) 100vw, 300px\" \/><\/a><br \/>\nEnfin \u00e0 la chapelle, o\u00f9 nous avons chant\u00e9 la joie de P\u00e2ques\u00a0!<\/p>\n<p><a href=\"http:\/\/www.ecole-saintemarie.com\/wp-content\/uploads\/2022\/04\/celebration-mardi-6.jpg\"><img loading=\"lazy\" class=\"alignnone size-medium wp-image-10236\" src=\"http:\/\/www.ecole-saintemarie.com\/wp-content\/uploads\/2022\/04\/celebration-mardi-6-300x225.jpg\" alt=\"\" width=\"300\" height=\"225\" srcset=\"http:\/\/www.ecole-saintemarie.com\/wp-content\/uploads\/2022\/04\/celebration-mardi-6-300x225.jpg 300w, http:\/\/www.ecole-saintemarie.com\/wp-content\/uploads\/2022\/04\/celebration-mardi-6-768x576.jpg 768w, http:\/\/www.ecole-saintemarie.com\/wp-content\/uploads\/2022\/04\/celebration-mardi-6.jpg 816w\" sizes=\"(max-width: 300px) 100vw, 300px\" \/><\/a> <a href=\"http:\/\/www.ecole-saintemarie.com\/wp-content\/uploads\/2022\/04\/celebration-mardi-3-scaled.jpg\"><img loading=\"lazy\" class=\"alignnone size-medium wp-image-10233\" src=\"http:\/\/www.ecole-saintemarie.com\/wp-content\/uploads\/2022\/04\/celebration-mardi-3-300x225.jpg\" alt=\"\" width=\"300\" height=\"225\" srcset=\"http:\/\/www.ecole-saintemarie.com\/wp-content\/uploads\/2022\/04\/celebration-mardi-3-300x225.jpg 300w, http:\/\/www.ecole-saintemarie.com\/wp-content\/uploads\/2022\/04\/celebration-mardi-3-1024x768.jpg 1024w, http:\/\/www.ecole-saintemarie.com\/wp-content\/uploads\/2022\/04\/celebration-mardi-3-768x576.jpg 768w, http:\/\/www.ecole-saintemarie.com\/wp-content\/uploads\/2022\/04\/celebration-mardi-3-1536x1152.jpg 1536w, http:\/\/www.ecole-saintemarie.com\/wp-content\/uploads\/2022\/04\/celebration-mardi-3-2048x1536.jpg 2048w\" sizes=\"(max-width: 300px) 100vw, 300px\" \/><\/a><\/p>\n","protected":false},"excerpt":{"rendered":"<p>Pendant les vacances, nous avons f\u00eat\u00e9 P\u00e2ques. La semaine de la rentr\u00e9e (mardi pour les maternelles et CP, jeudi pour les CE et CM), accompagn\u00e9s de Blandine et Fr\u00e9d\u00e9ric, animateurs en Pastorale, ainsi que du P\u00e8re Isa\u00efe, nous sommes all\u00e9s f\u00eater P\u00e2ques avec les enfants de l\u2019\u00e9cole. D\u2019abord au Parc de la baleine, o\u00f9 nous &hellip; <\/p>\n<p><a class=\"more-link btn\" href=\"http:\/\/www.ecole-saintemarie.com\/?p=10239\">Lire la suite<\/a><\/p>\n","protected":false},"author":2,"featured_media":10236,"comment_status":"closed","ping_status":"closed","sticky":false,"template":"","format":"standard","meta":[],"categories":[33,29,31,1,32,34],"tags":[],"_links":{"self":[{"href":"http:\/\/www.ecole-saintemarie.com\/index.php?rest_route=\/wp\/v2\/posts\/10239"}],"collection":[{"href":"http:\/\/www.ecole-saintemarie.com\/index.php?rest_route=\/wp\/v2\/posts"}],"about":[{"href":"http:\/\/www.ecole-saintemarie.com\/index.php?rest_route=\/wp\/v2\/types\/post"}],"author":[{"embeddable":true,"href":"http:\/\/www.ecole-saintemarie.com\/index.php?rest_route=\/wp\/v2\/users\/2"}],"replies":[{"embeddable":true,"href":"http:\/\/www.ecole-saintemarie.com\/index.php?rest_route=%2Fwp%2Fv2%2Fcomments&post=10239"}],"version-history":[{"count":2,"href":"http:\/\/www.ecole-saintemarie.com\/index.php?rest_route=\/wp\/v2\/posts\/10239\/revisions"}],"predecessor-version":[{"id":10241,"href":"http:\/\/www.ecole-saintemarie.com\/index.php?rest_route=\/wp\/v2\/posts\/10239\/revisions\/10241"}],"wp:featuredmedia":[{"embeddable":true,"href":"http:\/\/www.ecole-saintemarie.com\/index.php?rest_route=\/wp\/v2\/media\/10236"}],"wp:attachment":[{"href":"http:\/\/www.ecole-saintemarie.com\/index.php?rest_route=%2Fwp%2Fv2%2Fmedia&parent=10239"}],"wp:term":[{"taxonomy":"category","embeddable":true,"href":"http:\/\/www.ecole-saintemarie.com\/index.php?rest_route=%2Fwp%2Fv2%2Fcategories&post=10239"},{"taxonomy":"post_tag","embeddable":true,"href":"http:\/\/www.ecole-saintemarie.com\/index.php?rest_route=%2Fwp%2Fv2%2Ftags&post=10239"}],"curies":[{"name":"wp","href":"https:\/\/api.w.org\/{rel}","templated":true}]}}